{"id":446293,"date":"2016-12-01T20:54:26","date_gmt":"2016-12-02T02:54:26","guid":{"rendered":"https:\/\/www.futboltotal.com.mx\/?p=446293"},"modified":"2016-12-02T00:36:43","modified_gmt":"2016-12-02T06:36:43","slug":"sebastian-abreu-cobra-penales-a-lo-panenka","status":"publish","type":"post","link":"http:\/\/desarrollo.grupomedios.com\/futbol\/futbol-mexicano\/sebastian-abreu-cobra-penales-a-lo-panenka\/2016\/12","title":{"rendered":"\u00bfPor qu\u00e9 Abreu cobra penales a lo Panenka?"},"content":{"rendered":"<p><strong>Sebasti\u00e1n<\/strong> <em>el Loco<\/em> <strong>Abreu<\/strong>, revel\u00f3 en una entrevista por qu\u00e9 goza de cobrar los penales picando el bal\u00f3n al estilo Panenka. La raz\u00f3n es el brasile\u00f1o Djalminha, con quien comparti\u00f3 vestidor en el Deportivo La Coru\u00f1a de Espa\u00f1a.<\/p>\n<p>\u201cDjalminha cobraba los penales ah\u00ed y yo quer\u00eda tener ese honor, as\u00ed que me llevaba a entrenar con \u00e9l para pr\u00e1cticar los penales. En M\u00e9xico tuve la primera oportunidad para cobrar de esa forma, fue en la \u00faltima jornada, ganamos dos a cero y gan\u00e9 mi primer t\u00edtulo de goleo all\u00e1 (Verano 2000)\u201d, declar\u00f3 <strong>Sebasti\u00e1n Abreu<\/strong>, en charla con la cadena <em>ESPN<\/em>.<\/p>\n<p style=\"text-align: center;\"><span style=\"color: #3366ff;\"><a style=\"color: #3366ff;\" href=\"https:\/\/www.futboltotal.com.mx\/2016\/11\/sebastian-loco-abreu-suma-equipo-a-carrera\/\" target=\"_blank\"><strong>LEER M\u00c1S: Abreu tiene nuevo equipo<\/strong><\/a><\/span><\/p>\n<p><iframe loading=\"lazy\" src=\"https:\/\/www.youtube.com\/embed\/SzNWnKrJ9b0?feature=oembed\" frameborder=\"0\" allowfullscreen><\/iframe><\/p>\n<p>Sebasti\u00e1n Abreu jug\u00f3 en M\u00e9xico para Tecos, Cruz Azul, Am\u00e9rica, Dorados, Monterrey, San Luis y Tigres; fue campe\u00f3n de goleo con UAG, la <em>M\u00e1quina<\/em>, <em>Rayados<\/em> y con el cuadro potosino; pero no sum\u00f3 ning\u00fan t\u00edtulo de Liga en tierras <em>aztecas<\/em>.<\/p>\n","protected":false},"excerpt":{"rendered":"<p>El Loco revela qui\u00e9n lo motivo para disparar de esa forma.<\/p>\n","protected":false},"author":20,"featured_media":446294,"comment_status":"closed","ping_status":"closed","sticky":false,"template":"","format":"standard","meta":[],"categories":[2198,3845],"tags":[64,2369,1569],"_links":{"self":[{"href":"http:\/\/desarrollo.grupomedios.com\/futbol\/wp-json\/wp\/v2\/posts\/446293"}],"collection":[{"href":"http:\/\/desarrollo.grupomedios.com\/futbol\/wp-json\/wp\/v2\/posts"}],"about":[{"href":"http:\/\/desarrollo.grupomedios.com\/futbol\/wp-json\/wp\/v2\/types\/post"}],"author":[{"embeddable":true,"href":"http:\/\/desarrollo.grupomedios.com\/futbol\/wp-json\/wp\/v2\/users\/20"}],"replies":[{"embeddable":true,"href":"http:\/\/desarrollo.grupomedios.com\/futbol\/wp-json\/wp\/v2\/comments?post=446293"}],"version-history":[{"count":0,"href":"http:\/\/desarrollo.grupomedios.com\/futbol\/wp-json\/wp\/v2\/posts\/446293\/revisions"}],"wp:featuredmedia":[{"embeddable":true,"href":"http:\/\/desarrollo.grupomedios.com\/futbol\/wp-json\/wp\/v2\/media\/446294"}],"wp:attachment":[{"href":"http:\/\/desarrollo.grupomedios.com\/futbol\/wp-json\/wp\/v2\/media?parent=446293"}],"wp:term":[{"taxonomy":"category","embeddable":true,"href":"http:\/\/desarrollo.grupomedios.com\/futbol\/wp-json\/wp\/v2\/categories?post=446293"},{"taxonomy":"post_tag","embeddable":true,"href":"http:\/\/desarrollo.grupomedios.com\/futbol\/wp-json\/wp\/v2\/tags?post=446293"}],"curies":[{"name":"wp","href":"https:\/\/api.w.org\/{rel}","templated":true}]}}