{"id":446387,"date":"2016-12-02T08:50:49","date_gmt":"2016-12-02T14:50:49","guid":{"rendered":"https:\/\/www.futboltotal.com.mx\/?p=446387"},"modified":"2016-12-02T08:53:41","modified_gmt":"2016-12-02T14:53:41","slug":"circula-foto-pablo-barrera-desnudo","status":"publish","type":"post","link":"http:\/\/desarrollo.grupomedios.com\/futbol\/futbol-mexicano\/circula-foto-pablo-barrera-desnudo\/2016\/12","title":{"rendered":"Circula en redes una foto de Pablo Barrera desnudo"},"content":{"rendered":"<p>En las redes sociales circula una fotograf\u00eda de Pablo <strong>Barrera<\/strong>, futbolista de<strong> Pumas<\/strong> de la UNAM, desnudo. La imagen comenz\u00f3 a circular el d\u00eda mi\u00e9rcoles.<\/p>\n<p style=\"text-align: center;\"><span style=\"color: #3366ff;\">LEER M\u00c1S: <a style=\"color: #3366ff;\" href=\"https:\/\/www.futboltotal.com.mx\/2016\/12\/razones-para-no-perderte-el-clasico-espanol\/\">Razones para no perderte el cl\u00e1sico espa\u00f1ol<\/a><\/span><\/p>\n<p>Seg\u00fan informa el diario El Gr\u00e1fico la imagen del delantero mexicano fue difundida por una sexoservidora y difundida por el usuario de Twitter: @AliasUggLyZorra.<\/p>\n<p>A pesar de la pol\u00e9mica el &#8216;<em>Pablito<\/em>&#8216; <strong>Barrera<\/strong> no ha declarado nada sobre la fotograf\u00eda que lo muestra sin ropa.<\/p>\n<p><a href=\"https:\/\/www.futboltotal.com.mx\/wp-content\/uploads\/2016\/12\/screenshot_17_ok.jpg\"><img decoding=\"async\" loading=\"lazy\" class=\"size-medium wp-image-446388 aligncenter\" src=\"https:\/\/www.futboltotal.com.mx\/wp-content\/uploads\/2016\/12\/screenshot_17_ok-224x300.jpg\" alt=\"screenshot_17_ok\" srcset=\"http:\/\/desarrollo.grupomedios.com\/futbol\/wp-content\/uploads\/2016\/12\/screenshot_17_ok-224x300.jpg 224w, http:\/\/desarrollo.grupomedios.com\/futbol\/wp-content\/uploads\/2016\/12\/screenshot_17_ok.jpg 447w\" sizes=\"(max-width: 224px) 100vw, 224px\" \/><\/a><\/p>\n<p>Inclusive <strong>Barrera<\/strong> bloque\u00f3 al usuario en su cuenta de Twitter:<\/p>\n<blockquote class=\"twitter-tweet\" data-width=\"500\">\n<p lang=\"es\" dir=\"ltr\">Estoy devastada, no podr\u00e9 dormir y de comer mejor ni hablamos. <a href=\"https:\/\/t.co\/jt2QmAZe2X\">pic.twitter.com\/jt2QmAZe2X<\/a><\/p>\n<p>&mdash; UgglyZorra (@ALiasUggLyZorra) <a href=\"https:\/\/twitter.com\/ALiasUggLyZorra\/status\/803980422287765504\">November 30, 2016<\/a><\/p><\/blockquote>\n<p><script async src=\"\/\/platform.twitter.com\/widgets.js\" charset=\"utf-8\"><\/script><\/p>\n<p>&nbsp;<\/p>\n<p><span style=\"color: #800000;\">S\u00cdGUENOS EN TWITTER:<\/span> <a href=\"https:\/\/twitter.com\/MXFutbolTotal\">@MXFutboltotal<\/a><\/p>\n","protected":false},"excerpt":{"rendered":"<p>Pablo Barrera no ha hecho declaraciones sobre el tema.<\/p>\n","protected":false},"author":155,"featured_media":446389,"comment_status":"closed","ping_status":"closed","sticky":false,"template":"","format":"standard","meta":[],"categories":[2198,3845],"tags":[82,74,5976],"_links":{"self":[{"href":"http:\/\/desarrollo.grupomedios.com\/futbol\/wp-json\/wp\/v2\/posts\/446387"}],"collection":[{"href":"http:\/\/desarrollo.grupomedios.com\/futbol\/wp-json\/wp\/v2\/posts"}],"about":[{"href":"http:\/\/desarrollo.grupomedios.com\/futbol\/wp-json\/wp\/v2\/types\/post"}],"author":[{"embeddable":true,"href":"http:\/\/desarrollo.grupomedios.com\/futbol\/wp-json\/wp\/v2\/users\/155"}],"replies":[{"embeddable":true,"href":"http:\/\/desarrollo.grupomedios.com\/futbol\/wp-json\/wp\/v2\/comments?post=446387"}],"version-history":[{"count":0,"href":"http:\/\/desarrollo.grupomedios.com\/futbol\/wp-json\/wp\/v2\/posts\/446387\/revisions"}],"wp:featuredmedia":[{"embeddable":true,"href":"http:\/\/desarrollo.grupomedios.com\/futbol\/wp-json\/wp\/v2\/media\/446389"}],"wp:attachment":[{"href":"http:\/\/desarrollo.grupomedios.com\/futbol\/wp-json\/wp\/v2\/media?parent=446387"}],"wp:term":[{"taxonomy":"category","embeddable":true,"href":"http:\/\/desarrollo.grupomedios.com\/futbol\/wp-json\/wp\/v2\/categories?post=446387"},{"taxonomy":"post_tag","embeddable":true,"href":"http:\/\/desarrollo.grupomedios.com\/futbol\/wp-json\/wp\/v2\/tags?post=446387"}],"curies":[{"name":"wp","href":"https:\/\/api.w.org\/{rel}","templated":true}]}}