{"id":446394,"date":"2016-12-02T09:22:17","date_gmt":"2016-12-02T15:22:17","guid":{"rendered":"https:\/\/www.futboltotal.com.mx\/?p=446394"},"modified":"2016-12-02T09:25:37","modified_gmt":"2016-12-02T15:25:37","slug":"cristiano-griezmann-messi-finalistas-al-jugador-del-ano-fifa","status":"publish","type":"post","link":"http:\/\/desarrollo.grupomedios.com\/futbol\/destacado-home\/cristiano-griezmann-messi-finalistas-al-jugador-del-ano-fifa\/2016\/12","title":{"rendered":"Cristiano, Griezmann y Messi, finalistas al jugador del a\u00f1o FIFA"},"content":{"rendered":"<p>El portugu\u00e9s Cristiano Ronaldo (Real Madrid), el franc\u00e9s Antoine Griezmann (Atl\u00e9tico de Madrid) y el argentino Leo Messi (Barcelona) son los finalistas al premio The Best, que concede la FIFA al mejor jugador de 2016.<\/p>\n<p>https:\/\/twitter.com\/fifacom_es\/status\/804686736890720256<\/p>\n<p>El ganador del premio ser\u00e1 dado a conocer durante la gala que celebrar\u00e1 la FIFA el pr\u00f3ximo 9 de enero en Z\u00farich.<\/p>\n<p>La lista definitiva sale despu\u00e9s de la votaci\u00f3n de los capitanes y t\u00e9cnicos de las selecciones nacionales, un grupo selecto de miembros de los medios de comunicaci\u00f3n y los seguidores a trav\u00e9s de la web del m\u00e1ximo organismo futbol\u00edstico.<\/p>\n<p style=\"text-align: center;\"><span style=\"color: #3366ff;\"><a style=\"color: #3366ff;\" href=\"https:\/\/www.futboltotal.com.mx\/2016\/12\/sebastian-abreu-cobra-penales-a-lo-panenka\/\">LEER M\u00c1S: \u00bfPor qu\u00e9 Abreu cobra penales a lo Panenka?<\/a><\/span><\/p>\n<p>Cristiano Ronaldo complet\u00f3 otro magn\u00edfico a\u00f1o coronado con la consecuci\u00f3n, con el Real Madrid, de la Liga de Campeones, al imponerse en la tanda de penaltis de la final de Mil\u00e1n al Atl\u00e9tico de Madrid, en la que convirti\u00f3 el \u00faltimo y definitivo lanzamiento.<\/p>\n<p>Adem\u00e1s, el atacante luso capitane\u00f3 a la selecci\u00f3n de Portugal, que consigui\u00f3 por primera vez en su historia el t\u00edtulo continental en Francia 2016, aunque en la final apenas pudo estar en el terreno de juego por lesi\u00f3n.<\/p>\n<p>En ambos casos, Antoine Griezmann sabore\u00f3 el amargor de la derrota, pero su temporada fue absolutamente espectacular, con lo que se encuentra entre los finalistas por primera vez en su carrera.<\/p>\n<p>https:\/\/twitter.com\/Atleti\/status\/804704843617157120<\/p>\n<p>Messi tuvo otro a\u00f1o plet\u00f3rico con los t\u00edtulos de LaLiga y la Copa del Rey y el gran sinsabor de no haber podido ganar la final de la Copa Am\u00e9rica del Centenario en Estados Unidos, al caer ante Chile.<\/p>\n<p>El argentino recibi\u00f3 este galard\u00f3n el pasado a\u00f1o por quinta vez y supera en dos al portugu\u00e9s. Ambos han alcanzado juntos al menos la final desde 2011 y uno de los dos siempre ha sido el premiado.<\/p>\n<p>https:\/\/twitter.com\/FCBarcelona_es\/status\/804687399406157824<\/p>\n<p>El gran rendimiento de Griezmann le permite acceder a la terna definitiva en detrimento del brasile\u00f1o Neymar, que pese a liderar el primer oro ol\u00edmpico de Brasil en R\u00edo 2016 se queda fuera tras haber sido tercero en 2015.<\/p>\n<p>Los otros aspirantes que se quedaron fuera del tr\u00edo final eran el argentino Sergio Ag\u00fcero (Manchester City), el gal\u00e9s Gareth Bale (Real Madrid), el italiano Gianluigi Buffon (Juventus), el belga Kevin de Bruyne (Manchester City), el sueco Zlatan Ibrahimovic (Manchester United), los espa\u00f1oles Andr\u00e9s Iniesta (Barcelona) y Sergio Ramos (Real Madrid), el polaco Robert Lewandowski (Bayern M\u00fanich), el argelino Riyad Mahrez (Leicester), el croata Luka Modric (Real Madrid), los germanos Toni Kroos (Real Madrid),Manuel Neuer (Bayern M\u00fanich) y Mesut Ozil (Arsenal), los franceses Dimitri Payet (West Ham), Paul Pogba (Manchester United) y N&#8217;Golo Kant\u00e9 (Chelsea), el chileno Alexis S\u00e1nchez (Arsenal), el uruguayo Luis Su\u00e1rez (Barcelona) y el ingl\u00e9s Jamie Vardy (Leicester). EFE<\/p>\n","protected":false},"excerpt":{"rendered":"<p>Los tres volver\u00e1n a pelear por el galard\u00f3n a mejor jugador del a\u00f1o.<\/p>\n","protected":false},"author":144,"featured_media":446396,"comment_status":"closed","ping_status":"closed","sticky":false,"template":"","format":"standard","meta":[],"categories":[5,3839],"tags":[1496,361,5256,248],"_links":{"self":[{"href":"http:\/\/desarrollo.grupomedios.com\/futbol\/wp-json\/wp\/v2\/posts\/446394"}],"collection":[{"href":"http:\/\/desarrollo.grupomedios.com\/futbol\/wp-json\/wp\/v2\/posts"}],"about":[{"href":"http:\/\/desarrollo.grupomedios.com\/futbol\/wp-json\/wp\/v2\/types\/post"}],"author":[{"embeddable":true,"href":"http:\/\/desarrollo.grupomedios.com\/futbol\/wp-json\/wp\/v2\/users\/144"}],"replies":[{"embeddable":true,"href":"http:\/\/desarrollo.grupomedios.com\/futbol\/wp-json\/wp\/v2\/comments?post=446394"}],"version-history":[{"count":0,"href":"http:\/\/desarrollo.grupomedios.com\/futbol\/wp-json\/wp\/v2\/posts\/446394\/revisions"}],"wp:featuredmedia":[{"embeddable":true,"href":"http:\/\/desarrollo.grupomedios.com\/futbol\/wp-json\/wp\/v2\/media\/446396"}],"wp:attachment":[{"href":"http:\/\/desarrollo.grupomedios.com\/futbol\/wp-json\/wp\/v2\/media?parent=446394"}],"wp:term":[{"taxonomy":"category","embeddable":true,"href":"http:\/\/desarrollo.grupomedios.com\/futbol\/wp-json\/wp\/v2\/categories?post=446394"},{"taxonomy":"post_tag","embeddable":true,"href":"http:\/\/desarrollo.grupomedios.com\/futbol\/wp-json\/wp\/v2\/tags?post=446394"}],"curies":[{"name":"wp","href":"https:\/\/api.w.org\/{rel}","templated":true}]}}