{"id":446402,"date":"2016-12-02T09:43:00","date_gmt":"2016-12-02T15:43:00","guid":{"rendered":"https:\/\/www.futboltotal.com.mx\/?p=446402"},"modified":"2016-12-02T09:43:00","modified_gmt":"2016-12-02T15:43:00","slug":"nico-rosberg-anuncio-retiro-la-formula-1","status":"publish","type":"post","link":"http:\/\/desarrollo.grupomedios.com\/futbol\/cambio-de-juego\/nico-rosberg-anuncio-retiro-la-formula-1\/2016\/12","title":{"rendered":"Nico Rosberg anunci\u00f3 su retiro de la F\u00f3rmula 1"},"content":{"rendered":"<p>El flamante campe\u00f3n del mundo de F\u00f3rmula Uno, el alem\u00e1n <strong>Nico Rosberg<\/strong>, anunci\u00f3 en Viena de forma inesperada el final de su carrera deportiva.<\/p>\n<p>En un comunicado en su p\u00e1gina de la red social Facebook, el corredor, de 31 de a\u00f1os, indica que tom\u00f3 la decisi\u00f3n el pasado lunes, un d\u00eda despu\u00e9s de proclamarse campe\u00f3n en la carrera de Abu Dhabi (Emiratos \u00c1rabes Unidos).<\/p>\n<blockquote><p>&#8220;Tom\u00e9 mi decisi\u00f3n el lunes por la noche. Despu\u00e9s de reflexionar durante un d\u00eda, las primeras personas a las que se lo dije fueron Vivian (su mujer) y Georg (Nolte, m\u00e1nager del piloto), seguido por Toto (Wolff, jefe del equipo Mercedes). Desde hace 25 a\u00f1os que estoy en las carreras, mi sue\u00f1o, lo \u00fanico, ha sido convertirme en campe\u00f3n de F\u00f3rmula Uno. Mediante el duro trabajo, el dolor, los sacrificios, ese ha sido mi objetivo. Y ahora lo he logrado, he subido la monta\u00f1a, estoy en la cumbre&#8221;, explica acerca de sus razones para dejar la F\u00f3rmula Uno.<\/p><\/blockquote>\n<p style=\"text-align: center;\"><span style=\"color: #3366ff;\"><a style=\"color: #3366ff;\" href=\"https:\/\/www.futboltotal.com.mx\/2016\/12\/circula-foto-pablo-barrera-desnudo\/\">LEER M\u00c1S: Circula en redes una foto de Pablo Barrera desnudo<\/a><\/span><\/p>\n<p>&#8220;Cuando gan\u00e9 la carrera en Suzuka, desde el momento en que el destino del t\u00edtulo estaba en mis propias manos, comenz\u00f3 una gran presi\u00f3n y empec\u00e9 a pensar en terminar mi carrera si me convert\u00eda en Campe\u00f3n del Mundo&#8221;, razon\u00f3.<\/p>\n<p>&#8220;El domingo por la ma\u00f1ana en Abu Dabi sab\u00eda que podr\u00eda ser mi \u00faltima carrera y esa sensaci\u00f3n despej\u00f3 mi cabeza antes del inicio. Quer\u00eda disfrutar de cada momento de esa experiencia, sabiendo que podr\u00eda ser la \u00faltima vez y luego las luces se apagaron y tuve las 55 vueltas m\u00e1s intensas de mi vida&#8221;, explic\u00f3.<\/p>\n<p><strong>Rosberg<\/strong> se encuentra en Viena para asistir a la gala de la Federaci\u00f3n Internacional de Automovilismo (FIA).<\/p>\n<p>El corredor asegura que el esfuerzo para conseguir el t\u00edtulo y los sacrificios hechos tanto por \u00e9l como su familia hicieron que decidiera renunciar.<\/p>\n<p>&#8220;Esta temporada, os cuento, ha sido muy dura. Me esforc\u00e9 como un loco en cada aspecto despu\u00e9s de la frustraci\u00f3n de los dos \u00faltimos a\u00f1os. Eso elev\u00f3 mi motivaci\u00f3n hasta niveles sin precedentes. Y por supuesto, tuvo un impacto en los que m\u00e1s quiero, ha sido un verdadero esfuerzo familiar de sacrificio&#8221;, relat\u00f3.<\/p>\n<p><iframe loading=\"lazy\" style=\"border: none; overflow: hidden;\" src=\"https:\/\/www.facebook.com\/plugins\/post.php?href=https%3A%2F%2Fwww.facebook.com%2Fnicorosberg%2Fposts%2F10154815043119874%3A0&amp;width=500\" frameborder=\"0\" scrolling=\"no\"><\/iframe><\/p>\n<p>&#8220;Lo \u00fanico que hace que esta decisi\u00f3n sea de alguna manera dif\u00edcil para m\u00ed es porque pongo a mi familia deportiva en una dif\u00edcil situaci\u00f3n, pero Toto lo entendi\u00f3&#8221;, dijo Rosberg sobre su equipo.<\/p>\n<p>&#8220;\u00c9l supo de inmediato que estaba completamente convencido y eso me tranquiliz\u00f3. Mi mayor logro, que siempre me enorgullecer\u00e1, es haber ganado el campeonato mundial con este incre\u00edble equipo de personas&#8221;, apunt\u00f3.<\/p>\n<p>&#8220;Sigo a mi coraz\u00f3n. Se siente uno bien&#8221;, manifest\u00f3 Rosberg en declaraciones a un grupo de periodistas, seg\u00fan informa hoy la agencia de noticias austr\u00edaca APA.<\/p>\n<p>&#8220;Es muy f\u00e1cil. He alcanzado lo que quer\u00eda alcanzar&#8221;, agreg\u00f3 el corredor alem\u00e1n, quien asimismo asegur\u00f3 que no tiene suficiente motivaci\u00f3n como para seguir compitiendo despu\u00e9s de ganar el campeonato.<\/p>\n<p>&#8220;Mi siguiente paso es ser padre y esposo&#8221;, afirm\u00f3 Rosberg, ganador de 23 grandes premios e hijo del finland\u00e9s Keke Rosberg, campe\u00f3n de F\u00f3rmula Uno en 1982.<\/p>\n<p>&#8220;Ahora, s\u00f3lo estoy aqu\u00ed para disfrutar del momento. Hay tiempo para disfrutar las pr\u00f3ximas semanas, reflexionar sobre la temporada y disfrutar de cada experiencia. Despu\u00e9s de eso empiezo una nueva etapa en la vida y ver\u00e9 lo que tiene reservado para m\u00ed&#8221;, concluy\u00f3.<\/p>\n","protected":false},"excerpt":{"rendered":"<p>El Campe\u00f3n anunci\u00f3 de forma inesperada el final de su carrera deportiva.<\/p>\n","protected":false},"author":144,"featured_media":446406,"comment_status":"closed","ping_status":"closed","sticky":false,"template":"","format":"standard","meta":[],"categories":[5419],"tags":[5493,6426],"_links":{"self":[{"href":"http:\/\/desarrollo.grupomedios.com\/futbol\/wp-json\/wp\/v2\/posts\/446402"}],"collection":[{"href":"http:\/\/desarrollo.grupomedios.com\/futbol\/wp-json\/wp\/v2\/posts"}],"about":[{"href":"http:\/\/desarrollo.grupomedios.com\/futbol\/wp-json\/wp\/v2\/types\/post"}],"author":[{"embeddable":true,"href":"http:\/\/desarrollo.grupomedios.com\/futbol\/wp-json\/wp\/v2\/users\/144"}],"replies":[{"embeddable":true,"href":"http:\/\/desarrollo.grupomedios.com\/futbol\/wp-json\/wp\/v2\/comments?post=446402"}],"version-history":[{"count":0,"href":"http:\/\/desarrollo.grupomedios.com\/futbol\/wp-json\/wp\/v2\/posts\/446402\/revisions"}],"wp:featuredmedia":[{"embeddable":true,"href":"http:\/\/desarrollo.grupomedios.com\/futbol\/wp-json\/wp\/v2\/media\/446406"}],"wp:attachment":[{"href":"http:\/\/desarrollo.grupomedios.com\/futbol\/wp-json\/wp\/v2\/media?parent=446402"}],"wp:term":[{"taxonomy":"category","embeddable":true,"href":"http:\/\/desarrollo.grupomedios.com\/futbol\/wp-json\/wp\/v2\/categories?post=446402"},{"taxonomy":"post_tag","embeddable":true,"href":"http:\/\/desarrollo.grupomedios.com\/futbol\/wp-json\/wp\/v2\/tags?post=446402"}],"curies":[{"name":"wp","href":"https:\/\/api.w.org\/{rel}","templated":true}]}}