{"id":446408,"date":"2016-12-02T10:03:08","date_gmt":"2016-12-02T16:03:08","guid":{"rendered":"https:\/\/www.futboltotal.com.mx\/?p=446408"},"modified":"2016-12-02T11:07:32","modified_gmt":"2016-12-02T17:07:32","slug":"barcelona-recupera-a-andres-iniesta-clasico","status":"publish","type":"post","link":"http:\/\/desarrollo.grupomedios.com\/futbol\/futbol-internacional\/barcelona-recupera-a-andres-iniesta-clasico\/2016\/12","title":{"rendered":"Barcelona recupera a una de sus figuras para el cl\u00e1sico"},"content":{"rendered":"<p>El centrocampista del Barcelona Andr\u00e9s Iniesta ha recibido el alta m\u00e9dica y podr\u00e1 jugar el Cl\u00e1sico ante el Real Madrid, seis semanas despu\u00e9s de sufrir una rotura parcial del ligamento lateral externo de la rodilla derecha contra el Valencia,<\/p>\n<p>https:\/\/twitter.com\/FCBarcelona_es\/status\/804658900599377921<\/p>\n<p>El manchego hace d\u00edas que se entrena al mismo ritmo que sus compa\u00f1eros y podr\u00eda reaparecer ma\u00f1ana, adem\u00e1s como titular, contra el Real Madrid, en el Camp Nou.<\/p>\n<p style=\"text-align: center;\"><span style=\"color: #3366ff;\"><a style=\"color: #3366ff;\" href=\"https:\/\/www.futboltotal.com.mx\/2016\/12\/nico-rosberg-anuncio-retiro-la-formula-1\/\">LEER M\u00c1S: Nico Rosberg anunci\u00f3 su retiro de la F\u00f3rmula 1<\/a><\/span><\/p>\n<p>Durante el tiempo que ha estado de baja, el Barcelona ha echado mucho de menos a su capit\u00e1n, cuya ausencia se ha hecho notar mucho en el centro del campo, sobre todo en los dos \u00faltimos tropiezos ligueros contra el M\u00e1laga en el Camp Nou (0-0) y la Real Sociedad en Anoeta (1-1). EFE<\/p>\n","protected":false},"excerpt":{"rendered":"<p>El mediocampista Andr\u00e9s Iniesta regresar\u00e1 despu\u00e9s de una lesi\u00f3n.<\/p>\n","protected":false},"author":144,"featured_media":444902,"comment_status":"closed","ping_status":"closed","sticky":false,"template":"","format":"standard","meta":[],"categories":[3839,5951],"tags":[6052,5984,5988],"_links":{"self":[{"href":"http:\/\/desarrollo.grupomedios.com\/futbol\/wp-json\/wp\/v2\/posts\/446408"}],"collection":[{"href":"http:\/\/desarrollo.grupomedios.com\/futbol\/wp-json\/wp\/v2\/posts"}],"about":[{"href":"http:\/\/desarrollo.grupomedios.com\/futbol\/wp-json\/wp\/v2\/types\/post"}],"author":[{"embeddable":true,"href":"http:\/\/desarrollo.grupomedios.com\/futbol\/wp-json\/wp\/v2\/users\/144"}],"replies":[{"embeddable":true,"href":"http:\/\/desarrollo.grupomedios.com\/futbol\/wp-json\/wp\/v2\/comments?post=446408"}],"version-history":[{"count":0,"href":"http:\/\/desarrollo.grupomedios.com\/futbol\/wp-json\/wp\/v2\/posts\/446408\/revisions"}],"wp:featuredmedia":[{"embeddable":true,"href":"http:\/\/desarrollo.grupomedios.com\/futbol\/wp-json\/wp\/v2\/media\/444902"}],"wp:attachment":[{"href":"http:\/\/desarrollo.grupomedios.com\/futbol\/wp-json\/wp\/v2\/media?parent=446408"}],"wp:term":[{"taxonomy":"category","embeddable":true,"href":"http:\/\/desarrollo.grupomedios.com\/futbol\/wp-json\/wp\/v2\/categories?post=446408"},{"taxonomy":"post_tag","embeddable":true,"href":"http:\/\/desarrollo.grupomedios.com\/futbol\/wp-json\/wp\/v2\/tags?post=446408"}],"curies":[{"name":"wp","href":"https:\/\/api.w.org\/{rel}","templated":true}]}}