{"id":446434,"date":"2016-12-02T11:49:50","date_gmt":"2016-12-02T17:49:50","guid":{"rendered":"https:\/\/www.futboltotal.com.mx\/?p=446434"},"modified":"2016-12-06T12:22:44","modified_gmt":"2016-12-06T18:22:44","slug":"raul-jimenez-rechazo-una-vez-mas-al-futbol-de-china","status":"publish","type":"post","link":"http:\/\/desarrollo.grupomedios.com\/futbol\/futbol-internacional\/raul-jimenez-rechazo-una-vez-mas-al-futbol-de-china\/2016\/12","title":{"rendered":"Jim\u00e9nez rechaz\u00f3 al futbol de China"},"content":{"rendered":"<p>Ra\u00fal Jim\u00e9nez Vega, padre del delantero mexicano que juega en el Benfica, dio a conocer que su hijo fue pretendido para jugar en el futbol de China, oferta descartada debido a que la prioridad es mantenerse en el futbol europeo, a pesar de que ha tenido poca actividad con las <em>\u00c1guilas<\/em>.<\/p>\n<p>&#8220;<strong>Ra\u00fal<\/strong> es feliz en el Benfica, sabe la oportunidad de que el club le dio para venir aqu\u00ed y quiere seguir haciendo las cosas bien&#8221;, coment\u00f3 el padre del futbolista al diario <em>A Bola<\/em>.<\/p>\n<p style=\"text-align: center;\"><a href=\"https:\/\/www.futboltotal.com.mx\/2016\/12\/neymar-del-barcelona\/\"><span style=\"color: #3366ff;\">LEER M\u00c1S: Neymar, \u00bfcerca de salir del Barcelona?<\/span><\/a><\/p>\n<p>Reconoci\u00f3 que ante la cercan\u00eda del mercado de fichajes es normal que existan rumores, pero lo que es cierto es que el exdelantero del Am\u00e9rica no tiene pensado dejar al Benfica, club que lo fich\u00f3 en definitiva antes de esta campa\u00f1a, ya que en la anterior hab\u00eda jugado en calidad de cedido por el Atl\u00e9tico de Madrid.<\/p>\n<p>&#8220;Hay rumores en el mercado de verano y de invierno. <strong>Ra\u00fal<\/strong> saldr\u00e1 cuando se presente la oportunidad, pero por el momento no piensa en dejar el Benfica&#8221;, sentenci\u00f3.<\/p>\n<p>Jim\u00e9nez Vega reconoci\u00f3 que su hijo deber\u00e1 aprovechar las oportunidades que le brinde el t\u00e9cnico Rui Vitoria, luego de estar fuera diversos juegos al inicio de la temporada y por su posici\u00f3n como delantero es fundamental que responda con anotaciones cada vez que ingrese a la cancha.<\/p>\n<p>&#8220;<strong>Ra\u00fal<\/strong> siempre quiere desempe\u00f1ar un papel importante. Quiere tener m\u00e1s minutos, no los tiene, pero es feliz ahora, siempre sabe esperar la oportunidad. Tendr\u00e1 que continuar y espero que marque para ayudar al equipo&#8221;, coment\u00f3 Ra\u00fal Jim\u00e9nez padre.<\/p>\n<p style=\"text-align: center;\"><a href=\"https:\/\/www.futboltotal.com.mx\/2016\/12\/messi-a-romper-racha-cinco-juegos-sin-marcar-en-clasico\/\"><span style=\"color: #3366ff;\">LEER M\u00c1S: Messi, a romper mala racha en el Cl\u00e1sico<\/span><\/a><\/p>\n<p>Esta es la segunda ocasi\u00f3n en la que el delantero mexicano son\u00f3 para irse al futbol chino, luego de que el mismo diario reportara en julio de este a\u00f1o, el inter\u00e9s por llev\u00e1rselo durante el mercado veraniego, justo cuando las \u00c1guilas compraron a <strong>Ra\u00fal<\/strong> por 22 millones de euros para convertirlo en el fichaje m\u00e1s caro en la historia del futbol luso.<\/p>\n<p>En lo que va del ciclo 2016-17, <strong>Ra\u00fal<\/strong> Alonso acumula 357 minutos en tres torneos que disputa el Benfica y ha marcado cuatro anotaciones, tres de ellas en la liga lusa.<\/p>\n","protected":false},"excerpt":{"rendered":"<p>El delantero mexicano pretende trascender en el Benfica.<\/p>\n","protected":false},"author":127,"featured_media":446449,"comment_status":"closed","ping_status":"closed","sticky":false,"template":"","format":"standard","meta":[],"categories":[7501,7740,3839,7709,5951],"tags":[6007,6060,742],"_links":{"self":[{"href":"http:\/\/desarrollo.grupomedios.com\/futbol\/wp-json\/wp\/v2\/posts\/446434"}],"collection":[{"href":"http:\/\/desarrollo.grupomedios.com\/futbol\/wp-json\/wp\/v2\/posts"}],"about":[{"href":"http:\/\/desarrollo.grupomedios.com\/futbol\/wp-json\/wp\/v2\/types\/post"}],"author":[{"embeddable":true,"href":"http:\/\/desarrollo.grupomedios.com\/futbol\/wp-json\/wp\/v2\/users\/127"}],"replies":[{"embeddable":true,"href":"http:\/\/desarrollo.grupomedios.com\/futbol\/wp-json\/wp\/v2\/comments?post=446434"}],"version-history":[{"count":0,"href":"http:\/\/desarrollo.grupomedios.com\/futbol\/wp-json\/wp\/v2\/posts\/446434\/revisions"}],"wp:featuredmedia":[{"embeddable":true,"href":"http:\/\/desarrollo.grupomedios.com\/futbol\/wp-json\/wp\/v2\/media\/446449"}],"wp:attachment":[{"href":"http:\/\/desarrollo.grupomedios.com\/futbol\/wp-json\/wp\/v2\/media?parent=446434"}],"wp:term":[{"taxonomy":"category","embeddable":true,"href":"http:\/\/desarrollo.grupomedios.com\/futbol\/wp-json\/wp\/v2\/categories?post=446434"},{"taxonomy":"post_tag","embeddable":true,"href":"http:\/\/desarrollo.grupomedios.com\/futbol\/wp-json\/wp\/v2\/tags?post=446434"}],"curies":[{"name":"wp","href":"https:\/\/api.w.org\/{rel}","templated":true}]}}