{"id":446451,"date":"2016-12-02T12:03:42","date_gmt":"2016-12-02T18:03:42","guid":{"rendered":"https:\/\/www.futboltotal.com.mx\/?p=446451"},"modified":"2016-12-02T12:03:42","modified_gmt":"2016-12-02T18:03:42","slug":"gp-mexico-mejor-evento-la-formula-1","status":"publish","type":"post","link":"http:\/\/desarrollo.grupomedios.com\/futbol\/no-todo-es-futbol\/gp-mexico-mejor-evento-la-formula-1\/2016\/12","title":{"rendered":"GP de M\u00e9xico, el mejor evento de la F\u00f3rmula 1"},"content":{"rendered":"<p>Al igual que en su edici\u00f3n del 2015, el Gran Premio de M\u00e9xico fue reconocido por la Federaci\u00f3n Internacional de Automovilismo (FIA) como el mejor evento de la <strong>F\u00f3rmula 1<\/strong> de la temporada 2016.<\/p>\n<blockquote class=\"twitter-tweet\" data-width=\"500\">\n<p lang=\"es\" dir=\"ltr\">Por segundo a\u00f1o consecutivo M\u00e9xico es el Mejor Evento del A\u00f1o de F\u00f3rmula 1. <a href=\"https:\/\/t.co\/YSw90ZdW2c\">https:\/\/t.co\/YSw90ZdW2c<\/a> <a href=\"https:\/\/twitter.com\/hashtag\/F1ESTA?src=hash\">#F1ESTA<\/a> <a href=\"https:\/\/twitter.com\/MexicoGP2017\">@MexicoGP2017<\/a> <a href=\"https:\/\/t.co\/CfkKt5GHhr\">pic.twitter.com\/CfkKt5GHhr<\/a><\/p>\n<p>&mdash; FEMADAC (@Femadac) <a href=\"https:\/\/twitter.com\/Femadac\/status\/804433669632860160\">December 1, 2016<\/a><\/p><\/blockquote>\n<p><script async src=\"\/\/platform.twitter.com\/widgets.js\" charset=\"utf-8\"><\/script><\/p>\n<p>Otra vez la afici\u00f3n mexicana volvi\u00f3 a destacar gracias a las buenas entradas que hubo durante los tres d\u00edas que el Aut\u00f3dromo Hermanos Rodr\u00edguez alberg\u00f3 el evento.<\/p>\n<p>Debido a ello, los fan\u00e1ticos aztecas fueron felicitados y durante la Gala de Premiaci\u00f3n de la FIA, la empresa Corporaci\u00f3n Interamericana de Entretenimiento (CIE) fue quien recibi\u00f3 el reconocimiento.<\/p>\n<p style=\"text-align: center;\"><span style=\"color: #3366ff;\">LEER M\u00c1S:\u00a0<a style=\"color: #3366ff;\" href=\"https:\/\/www.futboltotal.com.mx\/2016\/11\/usain-bolt-presento-documental-i-am-bolt\/\">\u201cI am Bolt\u201d, el documental del triple-triple del jamaiquino<\/a><\/span><\/p>\n<p>\u201cSer galardonados por segundo a\u00f1o consecutivo sin duda es un gran honor. Este logro es resultado del arduo trabajo de miles de personas que durante todo un a\u00f1o nos esforzamos por organizar un evento a la altura de la m\u00e1xima categor\u00eda del automovilismo.\u201d, dijo a trav\u00e9s de un comunicado Alejandro Sober\u00f3n, director de CIE.<\/p>\n<p>Adem\u00e1s, \u00a0tambi\u00e9n se present\u00f3 el calendario 2017 para el campeonato de la <strong>F\u00f3rmula 1<\/strong> y se anunciaron las fechas para el pr\u00f3ximo GP de M\u00e9xico.<\/p>\n<p>https:\/\/twitter.com\/MexicoGP2017\/status\/804441956503998465<\/p>\n","protected":false},"excerpt":{"rendered":"<p> El GP de M\u00e9xico fue elegido el mejor por segundo a\u00f1o consecutivo.<\/p>\n","protected":false},"author":20,"featured_media":446457,"comment_status":"closed","ping_status":"closed","sticky":false,"template":"","format":"standard","meta":[],"categories":[5810,5418,6411],"tags":[5493,7533],"_links":{"self":[{"href":"http:\/\/desarrollo.grupomedios.com\/futbol\/wp-json\/wp\/v2\/posts\/446451"}],"collection":[{"href":"http:\/\/desarrollo.grupomedios.com\/futbol\/wp-json\/wp\/v2\/posts"}],"about":[{"href":"http:\/\/desarrollo.grupomedios.com\/futbol\/wp-json\/wp\/v2\/types\/post"}],"author":[{"embeddable":true,"href":"http:\/\/desarrollo.grupomedios.com\/futbol\/wp-json\/wp\/v2\/users\/20"}],"replies":[{"embeddable":true,"href":"http:\/\/desarrollo.grupomedios.com\/futbol\/wp-json\/wp\/v2\/comments?post=446451"}],"version-history":[{"count":0,"href":"http:\/\/desarrollo.grupomedios.com\/futbol\/wp-json\/wp\/v2\/posts\/446451\/revisions"}],"wp:featuredmedia":[{"embeddable":true,"href":"http:\/\/desarrollo.grupomedios.com\/futbol\/wp-json\/wp\/v2\/media\/446457"}],"wp:attachment":[{"href":"http:\/\/desarrollo.grupomedios.com\/futbol\/wp-json\/wp\/v2\/media?parent=446451"}],"wp:term":[{"taxonomy":"category","embeddable":true,"href":"http:\/\/desarrollo.grupomedios.com\/futbol\/wp-json\/wp\/v2\/categories?post=446451"},{"taxonomy":"post_tag","embeddable":true,"href":"http:\/\/desarrollo.grupomedios.com\/futbol\/wp-json\/wp\/v2\/tags?post=446451"}],"curies":[{"name":"wp","href":"https:\/\/api.w.org\/{rel}","templated":true}]}}