{"id":446461,"date":"2016-12-02T12:31:49","date_gmt":"2016-12-02T18:31:49","guid":{"rendered":"https:\/\/www.futboltotal.com.mx\/?p=446461"},"modified":"2016-12-02T12:31:49","modified_gmt":"2016-12-02T18:31:49","slug":"figuras-del-milan-historico-enfrentan-a-automoviles","status":"publish","type":"post","link":"http:\/\/desarrollo.grupomedios.com\/futbol\/futbol-internacional\/figuras-del-milan-historico-enfrentan-a-automoviles\/2016\/12","title":{"rendered":"Figuras del Milan y un hist\u00f3rico &#8216;enfrentan&#8217; a autom\u00f3viles"},"content":{"rendered":"<div class=\"page\" title=\"Page 1\">\n<div class=\"layoutArea\">\n<div class=\"column\">\n<p>El <strong>Milan<\/strong> uni\u00f3 fuerzas con su patrocinador Toyo Tires bajo el lema\u00a0&#8220;Sorprender al mundo&#8221;\u00a0y vaya que lo consiguieron al encarar\u00a0a las figuras del conjunto italiano\u00a0con unos &#8216;rivales&#8217; muy distintos a los que usualmente enfrentan<\/p>\n<p>En el video de nombre\u00a0&#8220;AC Milan vs. Drift Cars&#8221;, las estrellas del AC Milan Keisuke Honda, Alessio Romagnoli, Ignazio Abate y Gabriel Ferreira aparecen\u00a0en un anfiteatro similar al histo\u0301rico Coliseo en Italia.<\/p>\n<p>Las llamas rojas de la pasio\u0301n colorean el aire en el momento en que los cracks compiten para obtener el mejor rendimiento contra dos vehi\u0301culos deportivos (Nissan GT-R y TOYOTA 86) equipados con neuma\u0301ticos PROXES de Toyo Tires. Tanto los jugadores como los vehi\u0301culos deportivos esta\u0301n en sintoni\u0301a a medida que realizan magni\u0301ficos pases, y los conductores maniobran para realizar derrapes en giro y derrapes dobles al uni\u0301sono, fascinando a los espectadores presentes en el Coliseo.<\/p>\n<p><iframe loading=\"lazy\" src=\"https:\/\/www.youtube.com\/embed\/MRBp9srnOxM\" frameborder=\"0\" allowfullscreen=\"allowfullscreen\"><\/iframe><\/p>\n<p>No podra\u0301s quitar los ojos de la pantalla mientras las estrellas llevan el juego a las gradas y los vehi\u0301culos deportivos actu\u0301an increi\u0301blemente. Por si esto fuera poco, la leyenda\u00a0&#8216;rossonera&#8217;\u00a0Franco Baresi\u00a0se dio tiempo de aparecer en el video, una\u00a0escena imperdible.<\/p>\n<p><a href=\"https:\/\/www.futboltotal.com.mx\/futbol-internacional\/\">LEER M\u00c1S: TODA LA INFORMACI\u00d3N DEL F\u00daTBOL INTERNACIONAL<\/a><\/p>\n<p>Las inigualables y emocionantes historias de los jugadores del AC Milan y de los vehi\u0301culos deportivos se han vuelto virales y han cautivado a muchos seguidores de todo el mundo. Esta es la tercera participaci\u00f3n del cuadro italiano con Toyo Tires.<\/p>\n<p><iframe loading=\"lazy\" src=\"https:\/\/www.youtube.com\/embed\/M092PBHytC8\" frameborder=\"0\" allowfullscreen=\"allowfullscreen\"><\/iframe><\/p>\n<p>En el 2014 sali\u00f3 a la luz la primera pieza realizada en conjunto por el cuadro de futbol y la empresa fabricadora de neum\u00e1ticos bajo el t\u00edtulo &#8220;AC Milan vs. Super Car&#8221;, mientras que en el 2015 se realiz\u00f3 el clip con el t\u00edtulo &#8220;Chase in Milan&#8221;.<\/p>\n<p><iframe loading=\"lazy\" src=\"https:\/\/www.youtube.com\/embed\/VMFRylJaVmY\" frameborder=\"0\" allowfullscreen=\"allowfullscreen\"><\/iframe><\/p>\n<\/div>\n<\/div>\n<\/div>\n","protected":false},"excerpt":{"rendered":"<p>Los &#8216;rossoneri&#8217; y la marca Toyo Tires realizaron un impresionante video.<\/p>\n","protected":false},"author":20,"featured_media":446467,"comment_status":"closed","ping_status":"closed","sticky":false,"template":"","format":"standard","meta":[],"categories":[5419,3839,3848,6433],"tags":[1630,242,7710,5958],"_links":{"self":[{"href":"http:\/\/desarrollo.grupomedios.com\/futbol\/wp-json\/wp\/v2\/posts\/446461"}],"collection":[{"href":"http:\/\/desarrollo.grupomedios.com\/futbol\/wp-json\/wp\/v2\/posts"}],"about":[{"href":"http:\/\/desarrollo.grupomedios.com\/futbol\/wp-json\/wp\/v2\/types\/post"}],"author":[{"embeddable":true,"href":"http:\/\/desarrollo.grupomedios.com\/futbol\/wp-json\/wp\/v2\/users\/20"}],"replies":[{"embeddable":true,"href":"http:\/\/desarrollo.grupomedios.com\/futbol\/wp-json\/wp\/v2\/comments?post=446461"}],"version-history":[{"count":0,"href":"http:\/\/desarrollo.grupomedios.com\/futbol\/wp-json\/wp\/v2\/posts\/446461\/revisions"}],"wp:featuredmedia":[{"embeddable":true,"href":"http:\/\/desarrollo.grupomedios.com\/futbol\/wp-json\/wp\/v2\/media\/446467"}],"wp:attachment":[{"href":"http:\/\/desarrollo.grupomedios.com\/futbol\/wp-json\/wp\/v2\/media?parent=446461"}],"wp:term":[{"taxonomy":"category","embeddable":true,"href":"http:\/\/desarrollo.grupomedios.com\/futbol\/wp-json\/wp\/v2\/categories?post=446461"},{"taxonomy":"post_tag","embeddable":true,"href":"http:\/\/desarrollo.grupomedios.com\/futbol\/wp-json\/wp\/v2\/tags?post=446461"}],"curies":[{"name":"wp","href":"https:\/\/api.w.org\/{rel}","templated":true}]}}