{"id":446503,"date":"2016-12-02T14:31:19","date_gmt":"2016-12-02T20:31:19","guid":{"rendered":"https:\/\/www.futboltotal.com.mx\/?p=446503"},"modified":"2016-12-06T12:18:32","modified_gmt":"2016-12-06T18:18:32","slug":"guardiola-ya-eligio-a-los-sustitutos-kompany-toure","status":"publish","type":"post","link":"http:\/\/desarrollo.grupomedios.com\/futbol\/futbol-internacional\/guardiola-ya-eligio-a-los-sustitutos-kompany-toure\/2016\/12","title":{"rendered":"Guardiola ya eligi\u00f3 los fichajes que quiere en enero"},"content":{"rendered":"<p>La primera temporada de Pep Guardiola en el Manchester City ha tenido algunos sobresaltos, pero aunque para algunos cr\u00edticos no sea a\u00fan lo exitosa que se esperaba, el equipo lleva un buen paso en el curso 2016-17.<\/p>\n<p>En la Premier League, luego de tres jornadas disputadas, el cuadro que dirige Guardiola marcha en tercer lugar, pero s\u00f3lo a un punto del l\u00edder, Chelsea.<\/p>\n<p style=\"text-align: center;\"><a href=\"https:\/\/www.futboltotal.com.mx\/2016\/11\/vincent-kompany-estara-semanas-guardiola\/\" target=\"_blank\"><span style=\"color: #3366ff;\"><strong>LEER M\u00c1S: Vincent Kompany estar\u00e1 fuera por semanas: Guardiola<\/strong><\/span><\/a><\/p>\n<p>Y hablando a nivel continental (el gran pendiente de los <em>Citizens<\/em> en la \u00e9poca reciente, desde que se convirtieron en protagonistas verdaderos en Inglaterra), el equipo tiene casi amarrada su presencia en octavos, con un rendimiento que incluy\u00f3 un triunfo en su \u00faltimo partido ante el Barcelona, el mismo donde Guardiola labr\u00f3 su reputaci\u00f3n triunfadora.<\/p>\n<p>Sin embargo, la etapa del t\u00e9cnico catal\u00e1n en Inglaterra no ha estado libre de pol\u00e9micas. Una de ellas es el distanciamiento que mantiene con Yaya Tour\u00e9 -con quien tiene diferencias desde que coincidieron en el cuadro <em>Blaugrana<\/em>&#8211; y que, seg\u00fan versiones surgidas en Inglaterra, no seguir\u00e1 en el club la siguiente campa\u00f1a.<\/p>\n<p style=\"text-align: center;\"><span style=\"color: #3366ff;\"><strong>LEER M\u00c1S: Yaya Tour\u00e9 da el triunfo al City y es elogiado por Guardiola<\/strong><\/span><\/p>\n<p>De hecho, se rumora que Guardiola ya ha elegido un sustituto para Tour\u00e9 y para Vincent Kompany, otro jugador que no la ha pasado bien con Pep en el banquillo, aunque en su caso ha sido por las lesiones.<\/p>\n<p>De acuerdo con The Sun, el City buscar\u00e1 fichar en el pr\u00f3ximo mercado de invierno al holand\u00e9s Virgil van Dijk -del Southampton- para remplazar a Kompany, mientras que para sustituir a Tour\u00e9 el objetivo es el portugu\u00e9s William Carvalho, del Sporting de Portugal.<\/p>\n","protected":false},"excerpt":{"rendered":"<p>El t\u00e9cnico del City sigue consolidando su proyecto en el Etihad Stadium.<\/p>\n","protected":false},"author":20,"featured_media":430467,"comment_status":"closed","ping_status":"closed","sticky":false,"template":"","format":"standard","meta":[],"categories":[7740,3839,3846],"tags":[2450,2510,603,5993,1791,334],"_links":{"self":[{"href":"http:\/\/desarrollo.grupomedios.com\/futbol\/wp-json\/wp\/v2\/posts\/446503"}],"collection":[{"href":"http:\/\/desarrollo.grupomedios.com\/futbol\/wp-json\/wp\/v2\/posts"}],"about":[{"href":"http:\/\/desarrollo.grupomedios.com\/futbol\/wp-json\/wp\/v2\/types\/post"}],"author":[{"embeddable":true,"href":"http:\/\/desarrollo.grupomedios.com\/futbol\/wp-json\/wp\/v2\/users\/20"}],"replies":[{"embeddable":true,"href":"http:\/\/desarrollo.grupomedios.com\/futbol\/wp-json\/wp\/v2\/comments?post=446503"}],"version-history":[{"count":0,"href":"http:\/\/desarrollo.grupomedios.com\/futbol\/wp-json\/wp\/v2\/posts\/446503\/revisions"}],"wp:featuredmedia":[{"embeddable":true,"href":"http:\/\/desarrollo.grupomedios.com\/futbol\/wp-json\/wp\/v2\/media\/430467"}],"wp:attachment":[{"href":"http:\/\/desarrollo.grupomedios.com\/futbol\/wp-json\/wp\/v2\/media?parent=446503"}],"wp:term":[{"taxonomy":"category","embeddable":true,"href":"http:\/\/desarrollo.grupomedios.com\/futbol\/wp-json\/wp\/v2\/categories?post=446503"},{"taxonomy":"post_tag","embeddable":true,"href":"http:\/\/desarrollo.grupomedios.com\/futbol\/wp-json\/wp\/v2\/tags?post=446503"}],"curies":[{"name":"wp","href":"https:\/\/api.w.org\/{rel}","templated":true}]}}