{"id":446512,"date":"2016-12-02T16:04:06","date_gmt":"2016-12-02T22:04:06","guid":{"rendered":"https:\/\/www.futboltotal.com.mx\/?p=446512"},"modified":"2016-12-06T12:16:24","modified_gmt":"2016-12-06T18:16:24","slug":"ozil-no-descarta-regresar-al-real-madrid","status":"publish","type":"post","link":"http:\/\/desarrollo.grupomedios.com\/futbol\/futbol-internacional\/ozil-no-descarta-regresar-al-real-madrid\/2016\/12","title":{"rendered":"Ozil no descarta regresar al Real Madrid"},"content":{"rendered":"<p>El volante alem\u00e1n <strong>Mesut Ozil<\/strong> juega su cuarta temporada en el Arsenal de la Premier League inglesa, pero a\u00fan no puede olvidar su paso por el Real Madrid, del cual asegura &#8220;tengo grandes recuerdos de ah\u00ed&#8221;, adem\u00e1s de que no descart\u00f3 la posibilidad de vestirse de blanco una vez m\u00e1s: &#8220;Me encuentro muy bien jugando en Londres, pero veremos qu\u00e9 pasa en el futuro&#8221;.<\/p>\n<p>Adem\u00e1s, el talentoso jugador, en entrevista con el peri\u00f3dico espa\u00f1ol <em>Marca<\/em> asegur\u00f3 que el club blanco le genera sentimientos positivos y negativos: &#8220;Cuando veo los partidos del Madrid quiero que ganen, sobre todo en la <em>Champions<\/em>. Me alegro mucho por ellos. Y cuando pierden, igual estoy un poco triste&#8221;.<\/p>\n<p>Incluso <strong>Ozil<\/strong> dijo que seguir\u00e1 de cerca el Cl\u00e1sico espa\u00f1ol a jugarse este s\u00e1bado: &#8221; Todo el mundo quiere ver este partido, porque es el m\u00e1s grande que hay en el mundo del futbol. Le deseo lo mejor a los dos equipos, pero l\u00f3gicamente voy con mis ex compa\u00f1eros y espero que gane el Madrid&#8221;.<\/p>\n<p>Aunque no se arrepiente de haber salido del club de Chamart\u00edn para enlistarse en la disciplina <em>Gunner<\/em>, el campe\u00f3n del mundo en el Mundial de Brasil 2014 tambi\u00e9n recuerda con afecto a la capital espa\u00f1ola:&#8221; Aquel sol de Madrid es&#8230; siempre hay sol. Tengo grandes recuerdos de all\u00ed, con el club, la ciudad, la gente&#8230; Por supuesto, a veces te paras a pensar y bueno, puedes echarlo de menos&#8221;.<\/p>\n","protected":false},"excerpt":{"rendered":"<p>Su apoyo es para los merengues en el Cl\u00e1sico de este s\u00e1bado.<\/p>\n","protected":false},"author":127,"featured_media":446532,"comment_status":"closed","ping_status":"closed","sticky":false,"template":"","format":"standard","meta":[],"categories":[7740,3839,3844,3846],"tags":[6044,465,5988],"_links":{"self":[{"href":"http:\/\/desarrollo.grupomedios.com\/futbol\/wp-json\/wp\/v2\/posts\/446512"}],"collection":[{"href":"http:\/\/desarrollo.grupomedios.com\/futbol\/wp-json\/wp\/v2\/posts"}],"about":[{"href":"http:\/\/desarrollo.grupomedios.com\/futbol\/wp-json\/wp\/v2\/types\/post"}],"author":[{"embeddable":true,"href":"http:\/\/desarrollo.grupomedios.com\/futbol\/wp-json\/wp\/v2\/users\/127"}],"replies":[{"embeddable":true,"href":"http:\/\/desarrollo.grupomedios.com\/futbol\/wp-json\/wp\/v2\/comments?post=446512"}],"version-history":[{"count":0,"href":"http:\/\/desarrollo.grupomedios.com\/futbol\/wp-json\/wp\/v2\/posts\/446512\/revisions"}],"wp:featuredmedia":[{"embeddable":true,"href":"http:\/\/desarrollo.grupomedios.com\/futbol\/wp-json\/wp\/v2\/media\/446532"}],"wp:attachment":[{"href":"http:\/\/desarrollo.grupomedios.com\/futbol\/wp-json\/wp\/v2\/media?parent=446512"}],"wp:term":[{"taxonomy":"category","embeddable":true,"href":"http:\/\/desarrollo.grupomedios.com\/futbol\/wp-json\/wp\/v2\/categories?post=446512"},{"taxonomy":"post_tag","embeddable":true,"href":"http:\/\/desarrollo.grupomedios.com\/futbol\/wp-json\/wp\/v2\/tags?post=446512"}],"curies":[{"name":"wp","href":"https:\/\/api.w.org\/{rel}","templated":true}]}}