{"id":446525,"date":"2016-12-02T16:24:24","date_gmt":"2016-12-02T22:24:24","guid":{"rendered":"https:\/\/www.futboltotal.com.mx\/?p=446525"},"modified":"2016-12-06T12:16:04","modified_gmt":"2016-12-06T18:16:04","slug":"cruz-azul-va-por-jugador-del-chapecoense","status":"publish","type":"post","link":"http:\/\/desarrollo.grupomedios.com\/futbol\/futbol-mexicano\/cruz-azul-va-por-jugador-del-chapecoense\/2016\/12","title":{"rendered":"Cruz Azul y Toluca van por un jugador del Chapecoense"},"content":{"rendered":"<p>Alejandro <strong>Martinuccio<\/strong>, uno de los futbolistas que no viajaron en el fat\u00eddico accidente aereo del equipo brasile\u00f1o est\u00e1 cerca de fichar con un equipo mexicano, el cual podr\u00eda ser <strong>Cruz Azul<\/strong> o <strong>Toluca<\/strong>. Martinuccio de 28 a\u00f1os, cuenta con una gran experiencia en el futbol brasile\u00f1o, donde jug\u00f3 para Fluminense, Cruzeiro, Coritiba y el equipo de Chapec\u00f3.<\/p>\n<p><a href=\"https:\/\/www.futboltotal.com.mx\/wp-content\/uploads\/2016\/11\/jugadores-sobrevivientes-chapecoense.jpg\"><img decoding=\"async\" loading=\"lazy\" class=\"aligncenter wp-image-445651\" src=\"https:\/\/www.futboltotal.com.mx\/wp-content\/uploads\/2016\/11\/jugadores-sobrevivientes-chapecoense-300x151.jpg\" alt=\"Chapecoense\" srcset=\"http:\/\/desarrollo.grupomedios.com\/futbol\/wp-content\/uploads\/2016\/11\/jugadores-sobrevivientes-chapecoense-300x151.jpg 300w, http:\/\/desarrollo.grupomedios.com\/futbol\/wp-content\/uploads\/2016\/11\/jugadores-sobrevivientes-chapecoense-768x386.jpg 768w, http:\/\/desarrollo.grupomedios.com\/futbol\/wp-content\/uploads\/2016\/11\/jugadores-sobrevivientes-chapecoense-340x171.jpg 340w, http:\/\/desarrollo.grupomedios.com\/futbol\/wp-content\/uploads\/2016\/11\/jugadores-sobrevivientes-chapecoense.jpg 858w\" sizes=\"(max-width: 400px) 100vw, 400px\" \/><\/a><\/p>\n<p style=\"text-align: left;\">\u201cHay negociaciones con clubes mexicanos, te puedo decir que los interesados son Cruz Azul y Toluca. A\u00fan no hay nada concreto, pero se tienen contempladas las ofertas por el tema de lo econ\u00f3mico y por la posibilidad de que Alejandro (<strong>Martinuccio<\/strong>) tenga minutos de juego el a\u00f1o que viene\u201d revel\u00f3 un intermediario, seg\u00fan informaci\u00f3n de R\u00e9cord.<\/p>\n<p style=\"text-align: center;\"><span style=\"color: #3366ff;\">LEER M\u00c1S: <a style=\"color: #3366ff;\" href=\"https:\/\/www.futboltotal.com.mx\/2016\/12\/santos-anuncia-pase-marchesin-al-america\/\">Santos anuncia pase de Marches\u00edn al Am\u00e9rica<\/a><\/span><\/p>\n<p>El centro delantero, s\u00f3lo ha jug\u00f3 8 partidos de las 37 jornadas que se han jugado en la Serie A de Brasil. De los cuales s\u00f3lo dos partidos fue titular <strong>Martinuccio<\/strong>.<\/p>\n<p>Hasta ahora ninguno de los tres equipos han declarado nada sobre el futuro de Alejandro <strong>Martinuccio<\/strong>. Incluso el argentino asegura que tratar\u00e1 de que el equipo salga adelante.<\/p>\n<blockquote class=\"twitter-tweet\" data-width=\"500\">\n<p lang=\"es\" dir=\"ltr\">Martinuccio y un volver a empezar en medio del dolor: &quot;S\u00f3lo quedamos siete&#8230; pero vamos a tratar de que Chapecoense salga adelante&quot; <a href=\"https:\/\/t.co\/QOD9gDSGhP\">pic.twitter.com\/QOD9gDSGhP<\/a><\/p>\n<p>&mdash; TN &#8211; Todo Noticias (@todonoticias) <a href=\"https:\/\/twitter.com\/todonoticias\/status\/804351552345489408\">December 1, 2016<\/a><\/p><\/blockquote>\n<p><script async src=\"\/\/platform.twitter.com\/widgets.js\" charset=\"utf-8\"><\/script><\/p>\n<p><span style=\"color: #800000;\">S\u00cdGUENOS EN TWITTER:<\/span> <a href=\"https:\/\/twitter.com\/MXFutbolTotal\">@MXFutbolTotal<\/a><\/p>\n","protected":false},"excerpt":{"rendered":"<p>El futbolista no viaj\u00f3 en el fat\u00eddico accidente del equipo brasile\u00f1o. Cruz Azul lo tiene en la mira.<\/p>\n","protected":false},"author":20,"featured_media":445788,"comment_status":"closed","ping_status":"closed","sticky":false,"template":"","format":"standard","meta":[],"categories":[7740,2198,3845,5950],"tags":[7668,5962,640,7715,5975],"_links":{"self":[{"href":"http:\/\/desarrollo.grupomedios.com\/futbol\/wp-json\/wp\/v2\/posts\/446525"}],"collection":[{"href":"http:\/\/desarrollo.grupomedios.com\/futbol\/wp-json\/wp\/v2\/posts"}],"about":[{"href":"http:\/\/desarrollo.grupomedios.com\/futbol\/wp-json\/wp\/v2\/types\/post"}],"author":[{"embeddable":true,"href":"http:\/\/desarrollo.grupomedios.com\/futbol\/wp-json\/wp\/v2\/users\/20"}],"replies":[{"embeddable":true,"href":"http:\/\/desarrollo.grupomedios.com\/futbol\/wp-json\/wp\/v2\/comments?post=446525"}],"version-history":[{"count":0,"href":"http:\/\/desarrollo.grupomedios.com\/futbol\/wp-json\/wp\/v2\/posts\/446525\/revisions"}],"wp:featuredmedia":[{"embeddable":true,"href":"http:\/\/desarrollo.grupomedios.com\/futbol\/wp-json\/wp\/v2\/media\/445788"}],"wp:attachment":[{"href":"http:\/\/desarrollo.grupomedios.com\/futbol\/wp-json\/wp\/v2\/media?parent=446525"}],"wp:term":[{"taxonomy":"category","embeddable":true,"href":"http:\/\/desarrollo.grupomedios.com\/futbol\/wp-json\/wp\/v2\/categories?post=446525"},{"taxonomy":"post_tag","embeddable":true,"href":"http:\/\/desarrollo.grupomedios.com\/futbol\/wp-json\/wp\/v2\/tags?post=446525"}],"curies":[{"name":"wp","href":"https:\/\/api.w.org\/{rel}","templated":true}]}}