{"id":446530,"date":"2016-12-02T16:35:50","date_gmt":"2016-12-02T22:35:50","guid":{"rendered":"https:\/\/www.futboltotal.com.mx\/?p=446530"},"modified":"2016-12-02T17:02:25","modified_gmt":"2016-12-02T23:02:25","slug":"equipo-leyanda-madrid-la-quinta-del-buitre","status":"publish","type":"post","link":"http:\/\/desarrollo.grupomedios.com\/futbol\/videos\/equipo-leyanda-madrid-la-quinta-del-buitre\/2016\/12","title":{"rendered":"Equipo de Leyenda | El Madrid de la &#8216;Quinta del Buitre&#8217;"},"content":{"rendered":"<p><strong>Real Madrid<\/strong> visitar\u00e1 al Barcelona en el Camp Nou para disputar una edici\u00f3n m\u00e1s del Cl\u00e1sico, donde buscar\u00e1 seguir con la racha de 31 partidos sin perder en cualquier competencia.<\/p>\n<p>Este conjunto Merengue, que ya consigui\u00f3 una Champions League, ahora buscar\u00e1 lo mismo con la Liga y comenzar a hacer historia, como alguna vez lo hizo el Madrid de los a\u00f1os 80, aquel que era comandado por &#8216;la Quinta del Buitre&#8217; y que arras\u00f3 con todos los torneos que disput\u00f3.<\/p>\n<p style=\"text-align: center;\"><span style=\"color: #3366ff;\"><a style=\"color: #3366ff;\" href=\"https:\/\/www.futboltotal.com.mx\/2016\/12\/equipo-de-leyenda-el-barcelona-del-dream-team\/\">LEER M\u00c1S: Equipo de Leyenda | El Barcelona del Dream Team<\/a><\/span><\/p>\n<p>&nbsp;<\/p>\n<p>[video_player]https:\/\/player.vimeo.com\/external\/194095233.hd.mp4?s=c8d93e2a3c7b4c94b7f98447dfea939811cb4135&amp;profile_id=174[\/video_player]<\/p>\n<p>Los a\u00f1os 80 y 90 marcaron una \u00e9poca en el <strong>Real Madrid<\/strong> gracias a la famosa &#8216;Quinta del Buitre&#8217;. Ese equipo que era comandado por Emilio Butrage\u00f1o, Miguel Pardeza, Manolo Sanch\u00eds, M\u00edchel Gonz\u00e1lez y Rafael Mart\u00edn V\u00e1zquez.<\/p>\n<p>Los canteranos Merengues comenzaron su \u00e9xito en 1983 cuando le dieron el t\u00edtulo de la Segunda Divisi\u00f3n al Castilla y la expectaci\u00f3n y el inter\u00e9s que el equipo lleg\u00f3 a tener por ver al equipo que maravill\u00f3 en Segunda creci\u00f3, por lo que Alfredo Di Stefano traslad\u00f3 los partidos del Castilla al Santiago Bernab\u00e9u, que lleg\u00f3 a albergar 65 mil personas.<\/p>\n<p>Despu\u00e9s cada uno de los jugadores fueron subiendo al primer equipo del Madrid hasta seguir con la racha que tra\u00edan y fueron subiendo poco a poco. Ah\u00ed se les uni\u00f3 Hugo S\u00e1nchez, quien en las siete temporadas que jug\u00f3 con los Merengues contribuy\u00f3 con 251 goles.<\/p>\n<p>Junto al mexicano, la Quinta del Buitre alcanz\u00f3 16 t\u00edtulos entre Liga, Copa y Copa UEFA comenzando con la historia del Real Madrid de las remontadas y cerrando su \u00e9poca con los brazos en alto y una gran cantidad de r\u00e9cords.<\/p>\n","protected":false},"excerpt":{"rendered":"<p>El equipo liderado por Emilio Butrage\u00f1o marc\u00f3 \u00e9poca en Espa\u00f1a.<\/p>\n","protected":false},"author":129,"featured_media":446544,"comment_status":"closed","ping_status":"closed","sticky":false,"template":"","format":"standard","meta":[],"categories":[3839,3844,4],"tags":[5988],"_links":{"self":[{"href":"http:\/\/desarrollo.grupomedios.com\/futbol\/wp-json\/wp\/v2\/posts\/446530"}],"collection":[{"href":"http:\/\/desarrollo.grupomedios.com\/futbol\/wp-json\/wp\/v2\/posts"}],"about":[{"href":"http:\/\/desarrollo.grupomedios.com\/futbol\/wp-json\/wp\/v2\/types\/post"}],"author":[{"embeddable":true,"href":"http:\/\/desarrollo.grupomedios.com\/futbol\/wp-json\/wp\/v2\/users\/129"}],"replies":[{"embeddable":true,"href":"http:\/\/desarrollo.grupomedios.com\/futbol\/wp-json\/wp\/v2\/comments?post=446530"}],"version-history":[{"count":0,"href":"http:\/\/desarrollo.grupomedios.com\/futbol\/wp-json\/wp\/v2\/posts\/446530\/revisions"}],"wp:featuredmedia":[{"embeddable":true,"href":"http:\/\/desarrollo.grupomedios.com\/futbol\/wp-json\/wp\/v2\/media\/446544"}],"wp:attachment":[{"href":"http:\/\/desarrollo.grupomedios.com\/futbol\/wp-json\/wp\/v2\/media?parent=446530"}],"wp:term":[{"taxonomy":"category","embeddable":true,"href":"http:\/\/desarrollo.grupomedios.com\/futbol\/wp-json\/wp\/v2\/categories?post=446530"},{"taxonomy":"post_tag","embeddable":true,"href":"http:\/\/desarrollo.grupomedios.com\/futbol\/wp-json\/wp\/v2\/tags?post=446530"}],"curies":[{"name":"wp","href":"https:\/\/api.w.org\/{rel}","templated":true}]}}