{"id":446565,"date":"2016-12-02T18:01:35","date_gmt":"2016-12-03T00:01:35","guid":{"rendered":"https:\/\/www.futboltotal.com.mx\/?p=446565"},"modified":"2016-12-06T12:14:40","modified_gmt":"2016-12-06T18:14:40","slug":"la-reaccion-moises-munoz-tras-fichaje-marchesin","status":"publish","type":"post","link":"http:\/\/desarrollo.grupomedios.com\/futbol\/destacado-home\/la-reaccion-moises-munoz-tras-fichaje-marchesin\/2016\/12","title":{"rendered":"La reacci\u00f3n de Moi Mu\u00f1oz tras el fichaje de Marches\u00edn"},"content":{"rendered":"<p>Santos dio a conocer que<a href=\"https:\/\/www.futboltotal.com.mx\/2016\/12\/santos-anuncia-pase-marchesin-al-america\/\" target=\"_blank\"> Agust\u00edn Marches\u00edn es el nuevo portero del Am\u00e9rica<\/a> para el Clausura 2017, por lo que <strong>Mois\u00e9s Mu\u00f1oz<\/strong> pr\u00e1cticamente <a href=\"https:\/\/www.futboltotal.com.mx\/2016\/12\/destino-moises-munoz-clausura-2017\/\" target=\"_blank\">estar\u00eda despidi\u00e9ndose del <em>Nido<\/em><\/a>; sin embargo, el cancerbero dio a conocer, que no tiembla por la llegada del guardameta argentino a Coapa.<\/p>\n<p>El guardameta pr\u00e1cticamente reta a Agust\u00edn Marches\u00edn, para superar lo que \u00e9l ha hecho con <a href=\"http:\/\/www.futboltotal.com.mx\/equipos\/america\/\" target=\"_blank\">Am\u00e9rica<\/a>, pues no hay que olvidar el gol que <strong>Mois\u00e9s Mu\u00f1oz<\/strong> hizo en la final del Clausura 2013, para permitir que las <em>\u00c1guilas<\/em>, consiguieran su und\u00e9cima estrella.<\/p>\n<p style=\"text-align: center;\"><span style=\"color: #3366ff;\"><a style=\"color: #3366ff;\" href=\"https:\/\/www.futboltotal.com.mx\/2016\/12\/futbolistas-america-le-robo-a-santos\/\" target=\"_blank\"><strong>LEER M\u00c1S: El Nido no est\u00e1 en Coapa sino en la Comarca<\/strong><\/a><\/span><\/p>\n<blockquote class=\"twitter-tweet\" data-width=\"500\">\n<p lang=\"es\" dir=\"ltr\">Para defender esta playera a muerte, tienes que ser americanista. \u24c2\ufe0f\u24c2\ufe0f2\ufe0f\u20e33\ufe0f\u20e3 <a href=\"https:\/\/t.co\/OOAIh4ZOQG\">pic.twitter.com\/OOAIh4ZOQG<\/a><\/p>\n<p>&mdash; Moises Mu\u00f1oz (@MoyMu23) <a href=\"https:\/\/twitter.com\/MoyMu23\/status\/804825892295876608\">December 2, 2016<\/a><\/p><\/blockquote>\n<p><script async src=\"\/\/platform.twitter.com\/widgets.js\" charset=\"utf-8\"><\/script><\/p>\n<p>Adem\u00e1s <strong>Mois\u00e9s Mu\u00f1oz<\/strong> dice que por el momento no le inquieta saber si pelear\u00e1 por la titularidad con Agust\u00edn Marches\u00edn o ser\u00e1 reacomodado en otro club, pues el presente es su prioridad.<\/p>\n<blockquote class=\"twitter-tweet\" data-width=\"500\">\n<p lang=\"es\" dir=\"ltr\">Banda gracias por preguntar de mi futuro, lo que les puedo decir es que el pr\u00f3ximo Domingo vamos por la final y despu\u00e9s al mundial a Japon..<\/p>\n<p>&mdash; Moises Mu\u00f1oz (@MoyMu23) <a href=\"https:\/\/twitter.com\/MoyMu23\/status\/804830382910795776\">December 2, 2016<\/a><\/p><\/blockquote>\n<p><script async src=\"\/\/platform.twitter.com\/widgets.js\" charset=\"utf-8\"><\/script><\/p>\n<blockquote class=\"twitter-tweet\" data-width=\"500\">\n<p lang=\"es\" dir=\"ltr\">.. mi prioridad en este momento es lo futbol\u00edstico, conseguir otro campeonato si Dios nos permite, despu\u00e9s veremos qu\u00e9 pasa.<\/p>\n<p>&mdash; Moises Mu\u00f1oz (@MoyMu23) <a href=\"https:\/\/twitter.com\/MoyMu23\/status\/804830899187707904\">December 2, 2016<\/a><\/p><\/blockquote>\n<p><script async src=\"\/\/platform.twitter.com\/widgets.js\" charset=\"utf-8\"><\/script><\/p>\n<p>Por su parte, Ricardo Pel\u00e1ez, presidente deportivo del <strong>Am\u00e9rica<\/strong>, dio a conocer que Agust\u00edn Marches\u00edn no ha firmado pero que a\u00fan as\u00ed, ya hab\u00eda hablado con <strong>Mois\u00e9s Mu\u00f1oz<\/strong> al respecto.<\/p>\n<p>\u201cTraeremos a un buen portero, que es Marches\u00edn, pero a\u00fan no se han firmado los contratos. Por supuesto, ya hablamos tambi\u00e9n con <strong>Mois\u00e9s Mu\u00f1oz<\/strong>, con quien estamos viendo las posibilidades que hay para que se quede en la instituci\u00f3n o para que vaya a jugar a otro lado si as\u00ed lo quiere\u201d, indic\u00f3 el directivo.<\/p>\n<p><strong>S\u00edguenos en Twitter<\/strong>: <a href=\"https:\/\/twitter.com\/MXFutbolTotal\" target=\"_blank\">@MXFutbolTotal<\/a><\/p>\n","protected":false},"excerpt":{"rendered":"<p>No tiembla al saber de la llegada del argentino al Am\u00e9rica.<\/p>\n","protected":false},"author":20,"featured_media":446566,"comment_status":"closed","ping_status":"closed","sticky":false,"template":"","format":"standard","meta":[],"categories":[5,7740,2198,3845],"tags":[5959,635],"_links":{"self":[{"href":"http:\/\/desarrollo.grupomedios.com\/futbol\/wp-json\/wp\/v2\/posts\/446565"}],"collection":[{"href":"http:\/\/desarrollo.grupomedios.com\/futbol\/wp-json\/wp\/v2\/posts"}],"about":[{"href":"http:\/\/desarrollo.grupomedios.com\/futbol\/wp-json\/wp\/v2\/types\/post"}],"author":[{"embeddable":true,"href":"http:\/\/desarrollo.grupomedios.com\/futbol\/wp-json\/wp\/v2\/users\/20"}],"replies":[{"embeddable":true,"href":"http:\/\/desarrollo.grupomedios.com\/futbol\/wp-json\/wp\/v2\/comments?post=446565"}],"version-history":[{"count":0,"href":"http:\/\/desarrollo.grupomedios.com\/futbol\/wp-json\/wp\/v2\/posts\/446565\/revisions"}],"wp:featuredmedia":[{"embeddable":true,"href":"http:\/\/desarrollo.grupomedios.com\/futbol\/wp-json\/wp\/v2\/media\/446566"}],"wp:attachment":[{"href":"http:\/\/desarrollo.grupomedios.com\/futbol\/wp-json\/wp\/v2\/media?parent=446565"}],"wp:term":[{"taxonomy":"category","embeddable":true,"href":"http:\/\/desarrollo.grupomedios.com\/futbol\/wp-json\/wp\/v2\/categories?post=446565"},{"taxonomy":"post_tag","embeddable":true,"href":"http:\/\/desarrollo.grupomedios.com\/futbol\/wp-json\/wp\/v2\/tags?post=446565"}],"curies":[{"name":"wp","href":"https:\/\/api.w.org\/{rel}","templated":true}]}}