{"id":446582,"date":"2016-12-03T08:20:22","date_gmt":"2016-12-03T14:20:22","guid":{"rendered":"https:\/\/www.futboltotal.com.mx\/?p=446582"},"modified":"2016-12-03T09:03:27","modified_gmt":"2016-12-03T15:03:27","slug":"ochoa-granada-rompen-racha-ante-sevilla","status":"publish","type":"post","link":"http:\/\/desarrollo.grupomedios.com\/futbol\/destacado-home\/ochoa-granada-rompen-racha-ante-sevilla\/2016\/12","title":{"rendered":"Ochoa y el Granada rompen racha ante el Sevilla"},"content":{"rendered":"<p>El Granada, donde participa el mexicano Guillermo Ochoa, logr\u00f3 su primera victoria de esta temporada en Liga, casi siete meses despu\u00e9s, al vencer por 2-1 en el Nuevo Los C\u00e1rmenes al Sevilla, que con este traspi\u00e9s pone fin a su buena racha de resultados en la competici\u00f3n liguera y se ve frenado en su intento de asaltar la segunda plaza.<\/p>\n<blockquote class=\"twitter-tweet\" data-width=\"500\">\n<p lang=\"es\" dir=\"ltr\">\u00a1FINALLLLLLLLLLL! \u00a1YA LLEG\u00d3\u00d3\u00d3\u00d3 LA PRIMERAAA! Triunfo coral de un <a href=\"https:\/\/twitter.com\/hashtag\/GranadaCF?src=hash\">#GranadaCF<\/a> notable <a href=\"https:\/\/twitter.com\/hashtag\/GranadaSevillaFC?src=hash\">#GranadaSevillaFC<\/a> <a href=\"https:\/\/t.co\/h5PTApsPIg\">pic.twitter.com\/h5PTApsPIg<\/a><\/p>\n<p>&mdash; Granada C.F. (@GranadaCdeF) <a href=\"https:\/\/twitter.com\/GranadaCdeF\/status\/805047062077308928\">December 3, 2016<\/a><\/p><\/blockquote>\n<p><script async src=\"\/\/platform.twitter.com\/widgets.js\" charset=\"utf-8\"><\/script><\/p>\n<p>El equipo rojiblanco firm\u00f3 su mejor partido del curso y ve un poco m\u00e1s cerca la salvaci\u00f3n tras superar a un Sevilla que estuvo en todo momento lejos de su mejor versi\u00f3n, tanto en defensa como en ataque, gracias a los goles del brasile\u00f1o Andreas Pereira en el primer tiempo y de David Lomb\u00e1n en el segundo.<\/p>\n<p>El gol sevillista lleg\u00f3 en el tiempo a\u00f1adido, al transformar el franc\u00e9s Wissan Ben Yedder un penalti en la \u00faltima jugada del choque.<\/p>\n<p>Poco antes de la primera media hora, en el minuto 27, lleg\u00f3 el 1-0 en un contragolpe lanzado por el nigeriano Uche Agbo tras recuperar un bal\u00f3n en la medular, marcado por la calidad de Boga en el \u00e1rea rival y culminado con el remate a placer y libre de marca del brasile\u00f1o Andreas Pereira.<\/p>\n<p style=\"text-align: center;\"><span style=\"color: #3366ff;\"><a style=\"color: #3366ff;\" href=\"https:\/\/www.futboltotal.com.mx\/2016\/12\/fifa-pide-minuto-silencio-en-partidos-del-mundo-chapecoense\/\">LEER M\u00c1S: FIFA pide minuto de silencio por Chapecoense<\/a><\/span><\/p>\n<p>Pudo empatar antes del descanso el Sevilla, que tom\u00f3 el mando del partido, con dos ocasiones muy claras, pero primero Correa no encontr\u00f3 porter\u00eda con su remate de cabeza justo despu\u00e9s del 1-0 y, poco despu\u00e9s, David Lomb\u00e1n sac\u00f3 bajo los palos el remate de Mariano Ferreira cuando la hinchada visitante ya cantaba las tablas.<\/p>\n<p>Los dos equipos pudieron marcar al inicio del segundo tiempo, pero tanto Boga como V\u00edctor Mach\u00edn &#8216;Vitolo&#8217; se mostraron con el punto de mira desviado.<\/p>\n<p>El 2-0 lleg\u00f3 en un saque de esquina, a los once minutos de la reanudaci\u00f3n. Sergio Rico par\u00f3 el primer intento de Boga, pero Lomb\u00e1n acab\u00f3 rematando en el segundo palo tras peinar el bal\u00f3n Uche.<\/p>\n<p><iframe loading=\"lazy\" src=\"https:\/\/www.youtube.com\/embed\/qqvoafJ6D9I?feature=oembed\" frameborder=\"0\" allowfullscreen><\/iframe><\/p>\n<p>Los argentinos Luciano Vietto y Franco V\u00e1zquez probaron al mexicano Guillermo Ochoa en un par de ocasiones cada uno, mientras que el galo Steven N&#8217;Zonzi lo intent\u00f3, sin punter\u00eda, desde dentro del \u00e1rea.<\/p>\n<p>Javi M\u00e1rquez e Isaac Cuenca pudieron ampliar a la contra en los \u00faltimos instantes la ventaja local, aunque finalmente, en la \u00faltima acci\u00f3n del partido, fue el sevillista Ben Yedder el que transfor<\/p>\n","protected":false},"excerpt":{"rendered":"<p>Granada gan\u00f3 despu\u00e9s de siete meses <\/p>\n","protected":false},"author":144,"featured_media":443678,"comment_status":"closed","ping_status":"closed","sticky":false,"template":"","format":"standard","meta":[],"categories":[5,3839,3844],"tags":[700,2027],"_links":{"self":[{"href":"http:\/\/desarrollo.grupomedios.com\/futbol\/wp-json\/wp\/v2\/posts\/446582"}],"collection":[{"href":"http:\/\/desarrollo.grupomedios.com\/futbol\/wp-json\/wp\/v2\/posts"}],"about":[{"href":"http:\/\/desarrollo.grupomedios.com\/futbol\/wp-json\/wp\/v2\/types\/post"}],"author":[{"embeddable":true,"href":"http:\/\/desarrollo.grupomedios.com\/futbol\/wp-json\/wp\/v2\/users\/144"}],"replies":[{"embeddable":true,"href":"http:\/\/desarrollo.grupomedios.com\/futbol\/wp-json\/wp\/v2\/comments?post=446582"}],"version-history":[{"count":0,"href":"http:\/\/desarrollo.grupomedios.com\/futbol\/wp-json\/wp\/v2\/posts\/446582\/revisions"}],"wp:featuredmedia":[{"embeddable":true,"href":"http:\/\/desarrollo.grupomedios.com\/futbol\/wp-json\/wp\/v2\/media\/443678"}],"wp:attachment":[{"href":"http:\/\/desarrollo.grupomedios.com\/futbol\/wp-json\/wp\/v2\/media?parent=446582"}],"wp:term":[{"taxonomy":"category","embeddable":true,"href":"http:\/\/desarrollo.grupomedios.com\/futbol\/wp-json\/wp\/v2\/categories?post=446582"},{"taxonomy":"post_tag","embeddable":true,"href":"http:\/\/desarrollo.grupomedios.com\/futbol\/wp-json\/wp\/v2\/tags?post=446582"}],"curies":[{"name":"wp","href":"https:\/\/api.w.org\/{rel}","templated":true}]}}