{"id":446665,"date":"2016-12-03T17:03:03","date_gmt":"2016-12-03T23:03:03","guid":{"rendered":"https:\/\/www.futboltotal.com.mx\/?p=446665"},"modified":"2016-12-04T17:44:14","modified_gmt":"2016-12-04T23:44:14","slug":"ricardo-la-volpe-responde-tras-solicitud-orden-aprehension","status":"publish","type":"post","link":"http:\/\/desarrollo.grupomedios.com\/futbol\/futbol-mexicano\/ricardo-la-volpe-responde-tras-solicitud-orden-aprehension\/2016\/12","title":{"rendered":"La Volpe responde tras solicitud de orden de aprehensi\u00f3n"},"content":{"rendered":"<p>La fiscal\u00eda de Jalisco solicit\u00f3 orden de aprehensi\u00f3n para <strong>Ricardo La Volpe<\/strong>, por el caso de la pod\u00f3loga de <a href=\"http:\/\/futboltotal.com.mx\/equipos\/guadalajara\/\" target=\"_blank\">Chivas<\/a>, ocurrido hace dos a\u00f1os; raz\u00f3n por la que el Bigot\u00f3n decidi\u00f3 responder a trav\u00e9s de redes sociales, en las que debut\u00f3.<\/p>\n<p><strong>Ricardo La Volpe<\/strong> y <a href=\"http:\/\/futboltotal.com.mx\/equipos\/america\/\" target=\"_blank\">Am\u00e9rica<\/a> han decidido responder a la posible orden de aprehensi\u00f3n que recibir\u00eda en Jalisco, por ello crearon la cuenta de Twitter del estratega, donde contestaron a la agresi\u00f3n legal, arremetiendo contra Jorge Vergara, due\u00f1o de las Chivas.<\/p>\n<p style=\"text-align: center;\"><span style=\"color: #3366ff;\"><a style=\"color: #3366ff;\" href=\"https:\/\/www.futboltotal.com.mx\/2016\/12\/piden-orden-aprehension-contra-ricardo-la-volpe\/\" target=\"_blank\"><strong>LEER M\u00c1S: Piden orden de aprehensi\u00f3n contra La Volpe<\/strong><\/a><\/span><\/p>\n<blockquote class=\"twitter-tweet\" data-width=\"500\">\n<p lang=\"es\" dir=\"ltr\">1. Qu\u00e9 casualidad que <a href=\"https:\/\/twitter.com\/jorgevergara\">@jorgevergara<\/a> y sus abogados retoman viejo caso ocurrido en <a href=\"https:\/\/twitter.com\/Chivas\">@Chivas<\/a> cuando les gano con <a href=\"https:\/\/twitter.com\/ClubAmerica\">@ClubAmerica<\/a> en Liguilla<\/p>\n<p>&mdash; Ricardo A La Volpe (@RicardoLaVolpeG) <a href=\"https:\/\/twitter.com\/RicardoLaVolpeG\/status\/805164680658427904\">December 3, 2016<\/a><\/p><\/blockquote>\n<p><script async src=\"\/\/platform.twitter.com\/widgets.js\" charset=\"utf-8\"><\/script><\/p>\n<blockquote class=\"twitter-tweet\" data-width=\"500\">\n<p lang=\"es\" dir=\"ltr\">2. Para prueba de \u201camenaza\u201d ah\u00ed les dejo <a href=\"https:\/\/t.co\/6qStykzFpq\">https:\/\/t.co\/6qStykzFpq<\/a><\/p>\n<p>&mdash; Ricardo A La Volpe (@RicardoLaVolpeG) <a href=\"https:\/\/twitter.com\/RicardoLaVolpeG\/status\/805164751970041856\">December 3, 2016<\/a><\/p><\/blockquote>\n<p><script async src=\"\/\/platform.twitter.com\/widgets.js\" charset=\"utf-8\"><\/script><\/p>\n<blockquote class=\"twitter-tweet\" data-width=\"500\">\n<p lang=\"es\" dir=\"ltr\">3. Siempre he se\u00f1alado mi inocencia y no se ha permitido hacer la prueba de pol\u00edgrafo que yo solicit\u00e9<\/p>\n<p>&mdash; Ricardo A La Volpe (@RicardoLaVolpeG) <a href=\"https:\/\/twitter.com\/RicardoLaVolpeG\/status\/805164883868315648\">December 3, 2016<\/a><\/p><\/blockquote>\n<p><script async src=\"\/\/platform.twitter.com\/widgets.js\" charset=\"utf-8\"><\/script><\/p>\n<blockquote class=\"twitter-tweet\" data-width=\"500\">\n<p lang=\"es\" dir=\"ltr\">4. Me apena que la <a href=\"https:\/\/twitter.com\/FiscaliaJal\">@FiscaliaJal<\/a> se ponga a las \u00f3rdenes de <a href=\"https:\/\/twitter.com\/jorgevergara\">@jorgevergara<\/a>. Aprenda a perder en la cancha. <a href=\"https:\/\/twitter.com\/hashtag\/LaVolpedaLaCara?src=hash\">#LaVolpedaLaCara<\/a><\/p>\n<p>&mdash; Ricardo A La Volpe (@RicardoLaVolpeG) <a href=\"https:\/\/twitter.com\/RicardoLaVolpeG\/status\/805164965388779524\">December 3, 2016<\/a><\/p><\/blockquote>\n<p><script async src=\"\/\/platform.twitter.com\/widgets.js\" charset=\"utf-8\"><\/script><\/p>\n<p><strong>S\u00edguenos en Twitter<\/strong>: <a href=\"https:\/\/twitter.com\/MXFutbolTotal\" target=\"_blank\">@MXFutbolTotal<\/a><\/p>\n","protected":false},"excerpt":{"rendered":"<p>El estratega cre\u00f3 cuenta de Twitter para arremeter contra Vergara.<\/p>\n","protected":false},"author":20,"featured_media":446666,"comment_status":"closed","ping_status":"closed","sticky":false,"template":"","format":"standard","meta":[],"categories":[2198,3845,5950],"tags":[5959,70,243],"_links":{"self":[{"href":"http:\/\/desarrollo.grupomedios.com\/futbol\/wp-json\/wp\/v2\/posts\/446665"}],"collection":[{"href":"http:\/\/desarrollo.grupomedios.com\/futbol\/wp-json\/wp\/v2\/posts"}],"about":[{"href":"http:\/\/desarrollo.grupomedios.com\/futbol\/wp-json\/wp\/v2\/types\/post"}],"author":[{"embeddable":true,"href":"http:\/\/desarrollo.grupomedios.com\/futbol\/wp-json\/wp\/v2\/users\/20"}],"replies":[{"embeddable":true,"href":"http:\/\/desarrollo.grupomedios.com\/futbol\/wp-json\/wp\/v2\/comments?post=446665"}],"version-history":[{"count":0,"href":"http:\/\/desarrollo.grupomedios.com\/futbol\/wp-json\/wp\/v2\/posts\/446665\/revisions"}],"wp:featuredmedia":[{"embeddable":true,"href":"http:\/\/desarrollo.grupomedios.com\/futbol\/wp-json\/wp\/v2\/media\/446666"}],"wp:attachment":[{"href":"http:\/\/desarrollo.grupomedios.com\/futbol\/wp-json\/wp\/v2\/media?parent=446665"}],"wp:term":[{"taxonomy":"category","embeddable":true,"href":"http:\/\/desarrollo.grupomedios.com\/futbol\/wp-json\/wp\/v2\/categories?post=446665"},{"taxonomy":"post_tag","embeddable":true,"href":"http:\/\/desarrollo.grupomedios.com\/futbol\/wp-json\/wp\/v2\/tags?post=446665"}],"curies":[{"name":"wp","href":"https:\/\/api.w.org\/{rel}","templated":true}]}}