{"id":446902,"date":"2016-12-04T17:31:43","date_gmt":"2016-12-04T23:31:43","guid":{"rendered":"https:\/\/www.futboltotal.com.mx\/?p=446902"},"modified":"2016-12-06T12:12:20","modified_gmt":"2016-12-06T18:12:20","slug":"gullit-pena-esta-cerca-salir-chivas","status":"publish","type":"post","link":"http:\/\/desarrollo.grupomedios.com\/futbol\/destacado-home\/gullit-pena-esta-cerca-salir-chivas\/2016\/12","title":{"rendered":"Gullit Pe\u00f1a est\u00e1 muy cerca de salir de Chivas"},"content":{"rendered":"<p>Despu\u00e9s de dos torneos en los que el <em><strong>Gullit<\/strong> <\/em>Pe\u00f1a no pudo brillar en las Chivas, el jugador est\u00e1 buscando salir del equipo, y la directiva no ver\u00eda mal su salida, siempre y cuando se llegue a un acuerdo para ambas partes.<\/p>\n<p>Seg\u00fan reportes\u00a0de una fuente cercana a las Chivas, el equipo tapat\u00edo est\u00e1 escuchando una oferta del Quer\u00e9taro, quien ha ofrecido una buena cantidad de dinero para hacerse de los servicios del\u00a0<em><strong>Gullit<\/strong><\/em>, as\u00ed inform\u00f3 el diario R\u00e9cord.<\/p>\n<p style=\"text-align: center;\"><span style=\"color: #3366ff;\">LEER M\u00c1S: <a style=\"color: #3366ff;\" href=\"https:\/\/www.futboltotal.com.mx\/2016\/12\/san-lorenzo-se-adelanto-anuncio-refuerzo-del-puebla\/\">San Lorenzo se &#8216;adelant\u00f3&#8217; y anunci\u00f3 refuerzo del Puebla<\/a><\/span><\/p>\n<p>Hace un a\u00f1o cuando el equipo de Guadalajara contrat\u00f3 al ex Pachuca y Le\u00f3n lo hizo desembolsando la cantidad de 8 millones de d\u00f3lares y ahora, el equipo est\u00e1 dispuesto a venderlo por un precio menor, debido a que el jugador est\u00e1 devaluado.<\/p>\n<p><em><strong>Gullit<\/strong> <\/em>Pe\u00f1a en un a\u00f1o con las Chivas suma 35 partidos disputados y 8 goles anotados, a pesar de que sus n\u00fameros no son tan malos, su desempe\u00f1o en la cancha no convenci\u00f3 a la afici\u00f3n ni a los directivos.<\/p>\n<p style=\"text-align: center;\"><span style=\"color: #3366ff;\">LEER M\u00c1S: <a style=\"color: #3366ff;\" href=\"https:\/\/www.futboltotal.com.mx\/2016\/12\/la-cuenta-de-twitter-de-la-volpe\/\">El curioso caso de La Volpe en Twitter<\/a><\/span><\/p>\n<p>El mexicano sin duda ser\u00e1 muy buscado para reforzar a los equipos mexicanos, sin embargo, seg\u00fan R\u00e9cord, por el momento los Gallos Blancos son los que m\u00e1s dinero est\u00e1n ofreciendo por los servicios del <em><strong>Gullit<\/strong><\/em>, que jugar\u00eda en su cuarto equipo en la Liga MX.<\/p>\n<p><span style=\"color: #800000;\">S\u00cdGUENOS EN TWITTER:<\/span> <a href=\"https:\/\/twitter.com\/MXFutbolTotal\">@MXFutbolTotal<\/a><\/p>\n","protected":false},"excerpt":{"rendered":"<p>Al parecer, el Quer\u00e9taro es el equipo m\u00e1s interesado en el futbolista mexicano.<\/p>\n","protected":false},"author":20,"featured_media":446904,"comment_status":"closed","ping_status":"closed","sticky":false,"template":"","format":"standard","meta":[],"categories":[5,7740,2198,3845],"tags":[1781,70,640,4847,590,7731,1754,5970,989],"_links":{"self":[{"href":"http:\/\/desarrollo.grupomedios.com\/futbol\/wp-json\/wp\/v2\/posts\/446902"}],"collection":[{"href":"http:\/\/desarrollo.grupomedios.com\/futbol\/wp-json\/wp\/v2\/posts"}],"about":[{"href":"http:\/\/desarrollo.grupomedios.com\/futbol\/wp-json\/wp\/v2\/types\/post"}],"author":[{"embeddable":true,"href":"http:\/\/desarrollo.grupomedios.com\/futbol\/wp-json\/wp\/v2\/users\/20"}],"replies":[{"embeddable":true,"href":"http:\/\/desarrollo.grupomedios.com\/futbol\/wp-json\/wp\/v2\/comments?post=446902"}],"version-history":[{"count":0,"href":"http:\/\/desarrollo.grupomedios.com\/futbol\/wp-json\/wp\/v2\/posts\/446902\/revisions"}],"wp:featuredmedia":[{"embeddable":true,"href":"http:\/\/desarrollo.grupomedios.com\/futbol\/wp-json\/wp\/v2\/media\/446904"}],"wp:attachment":[{"href":"http:\/\/desarrollo.grupomedios.com\/futbol\/wp-json\/wp\/v2\/media?parent=446902"}],"wp:term":[{"taxonomy":"category","embeddable":true,"href":"http:\/\/desarrollo.grupomedios.com\/futbol\/wp-json\/wp\/v2\/categories?post=446902"},{"taxonomy":"post_tag","embeddable":true,"href":"http:\/\/desarrollo.grupomedios.com\/futbol\/wp-json\/wp\/v2\/tags?post=446902"}],"curies":[{"name":"wp","href":"https:\/\/api.w.org\/{rel}","templated":true}]}}