{"id":446995,"date":"2016-12-04T23:57:29","date_gmt":"2016-12-05T05:57:29","guid":{"rendered":"https:\/\/www.futboltotal.com.mx\/?p=446995"},"modified":"2016-12-05T00:04:44","modified_gmt":"2016-12-05T06:04:44","slug":"moises-munoz-sostiene-al-america","status":"publish","type":"post","link":"http:\/\/desarrollo.grupomedios.com\/futbol\/destacado-home\/moises-munoz-sostiene-al-america\/2016\/12","title":{"rendered":"Mois\u00e9s Mu\u00f1oz sostiene al Am\u00e9rica"},"content":{"rendered":"<p>Poco le import\u00f3 a <strong>Mois\u00e9s Mu\u00f1oz<\/strong> saber que el Am\u00e9rica fich\u00f3 en la semana al portero Agust\u00edn Marches\u00edn. Tras haber lanzado un contundente mensaje a media semana al enterarse del fichaje del argentino, el arquero de las <em>\u00c1guilas\u00a0<\/em>reafirm\u00f3 con una soberbia actuaci\u00f3n que si algo tiene es calibre de sobra para defender el marco <em>azulcrema.<\/em><\/p>\n<p>Despu\u00e9s del cobijo que le brind\u00f3 la <em>Diosa Fortuna\u00a0<\/em>en la agon\u00eda del primer tiempo, cuando el bal\u00f3n acab\u00f3 en sus manos tras un remate al palo de Esp\u00edndola, Mu\u00f1oz estuvo impecable y sostuvo al <strong>Am\u00e9rica<\/strong> con tres atajadas espl\u00e9ndidas en un fren\u00e9tico segundo tiempo en el que Necaxa inici\u00f3 como tromba buscando el gol.<\/p>\n<p style=\"text-align: center;\"><a href=\"https:\/\/www.futboltotal.com.mx\/2016\/12\/resultado-america-2-1-necaxa-semifinal-liga-mx\/\"><span style=\"color: #3366ff;\">LEER M\u00c1S: Am\u00e9rica vuela a la Final en su a\u00f1o Centenario<\/span><\/a><\/p>\n<p><iframe loading=\"lazy\" src=\"https:\/\/www.youtube.com\/embed\/s0XSL-OZGDM\" frameborder=\"0\" allowfullscreen=\"allowfullscreen\"><\/iframe><br \/>\nEn el minuto 57 <strong>Mu\u00f1oz<\/strong> ejecut\u00f3 un lance a primer poste para evitar que Edson Puch abriera el marcador; con un manotazo seco acab\u00f3 por desviar el esf\u00e9rico. Solo cinco minutos despu\u00e9s el arquero exhibi\u00f3 buenos reflejos y mand\u00f3 por encima del larguero un tiro libre que cobr\u00f3 Jairo Gonz\u00e1lez. Y despu\u00e9s del primer gol de las <em>\u00c1guilas <\/em>que anot\u00f3 el brasile\u00f1o Da Silva, <em>Moi\u00a0<\/em>mostr\u00f3 reflejos centelleantes y desvi\u00f3 con la pierna derecha un remate bocajarro.<\/p>\n<p>A los 36 a\u00f1os, <strong>Mu\u00f1oz<\/strong> dio guerra como los grandes arqueros y, como lo ha hecho en otras ocasiones, fue clave para que las<em> \u00c1guilas<\/em> volaran a la Final, donde enfrentar\u00e1n a Tigres, por tercera vez en dos a\u00f1os. Las gradas del Azteca lo vieron erigirse como la gran figura de la semifinal y la afici\u00f3n lo reconoci\u00f3 coreando su nombre una y otra vez. \u00c9l, mientras tanto, agradeci\u00f3 a Dios por una final m\u00e1s.<\/p>\n<blockquote class=\"twitter-tweet\" data-lang=\"es\">\n<p dir=\"ltr\" lang=\"es\">Gracias Dios por una final m\u00e1s!!<br \/>\nJugando con el coraz\u00f3n, de la mano de mis ompa\u00f1eros y con el apoyo de nuestra afici\u00f3n vamos por la 13!!! <a href=\"https:\/\/t.co\/01DP09kcMC\">pic.twitter.com\/01DP09kcMC<\/a><\/p>\n<p>\u2014 Moises Mu\u00f1oz (@MoyMu23) <a href=\"https:\/\/twitter.com\/MoyMu23\/status\/805647930132725760\">5 de diciembre de 2016<\/a><\/p><\/blockquote>\n<p><script async src=\"\/\/platform.twitter.com\/widgets.js\" charset=\"utf-8\"><\/script><\/p>\n","protected":false},"excerpt":{"rendered":"<p>El arquero, al que Am\u00e9rica duda en renovar, fue clave para que las \u00c1guilas llegaran a la Final.<\/p>\n","protected":false},"author":20,"featured_media":447003,"comment_status":"closed","ping_status":"closed","sticky":false,"template":"","format":"standard","meta":[],"categories":[5,2198,3845],"tags":[5959,635],"_links":{"self":[{"href":"http:\/\/desarrollo.grupomedios.com\/futbol\/wp-json\/wp\/v2\/posts\/446995"}],"collection":[{"href":"http:\/\/desarrollo.grupomedios.com\/futbol\/wp-json\/wp\/v2\/posts"}],"about":[{"href":"http:\/\/desarrollo.grupomedios.com\/futbol\/wp-json\/wp\/v2\/types\/post"}],"author":[{"embeddable":true,"href":"http:\/\/desarrollo.grupomedios.com\/futbol\/wp-json\/wp\/v2\/users\/20"}],"replies":[{"embeddable":true,"href":"http:\/\/desarrollo.grupomedios.com\/futbol\/wp-json\/wp\/v2\/comments?post=446995"}],"version-history":[{"count":0,"href":"http:\/\/desarrollo.grupomedios.com\/futbol\/wp-json\/wp\/v2\/posts\/446995\/revisions"}],"wp:featuredmedia":[{"embeddable":true,"href":"http:\/\/desarrollo.grupomedios.com\/futbol\/wp-json\/wp\/v2\/media\/447003"}],"wp:attachment":[{"href":"http:\/\/desarrollo.grupomedios.com\/futbol\/wp-json\/wp\/v2\/media?parent=446995"}],"wp:term":[{"taxonomy":"category","embeddable":true,"href":"http:\/\/desarrollo.grupomedios.com\/futbol\/wp-json\/wp\/v2\/categories?post=446995"},{"taxonomy":"post_tag","embeddable":true,"href":"http:\/\/desarrollo.grupomedios.com\/futbol\/wp-json\/wp\/v2\/tags?post=446995"}],"curies":[{"name":"wp","href":"https:\/\/api.w.org\/{rel}","templated":true}]}}