{"id":447060,"date":"2016-12-05T10:32:59","date_gmt":"2016-12-05T16:32:59","guid":{"rendered":"https:\/\/www.futboltotal.com.mx\/?p=447060"},"modified":"2016-12-05T18:15:09","modified_gmt":"2016-12-06T00:15:09","slug":"guardiola-casi-me-obligo-a-retirarme-del-futbol-ryan-giggs","status":"publish","type":"post","link":"http:\/\/desarrollo.grupomedios.com\/futbol\/futbol-internacional\/guardiola-casi-me-obligo-a-retirarme-del-futbol-ryan-giggs\/2016\/12","title":{"rendered":"Guardiola casi me oblig\u00f3 a retirarme: Ryan Giggs"},"content":{"rendered":"<p>Ryan Giggs es uno de los futbolistas m\u00e1s legendarios que hayan pasado por el <strong>Manchester United<\/strong> y, en general, por el futbol de Inglaterra y el mundo. El gal\u00e9s pas\u00f3 toda su carrera con el cuadro de Old Trafford, en donde se convirti\u00f3 en el jugador con m\u00e1s partidos disputados en toda la historia: 963 encuentros vistiendo la camiseta del <strong>Manchester United<\/strong>.<\/p>\n<p>Giggs abandon\u00f3 a los Red Devils apenas en julio de este a\u00f1o, luego de 29 a\u00f1os en el club, casi todos ellos como jugador y los \u00faltimos como asistente t\u00e9cnico. El retiro del gal\u00e9s como jugador ocurri\u00f3 en mayo de 2014, cuando hizo publica una carta en la que anunci\u00f3 tambi\u00e9n que iniciaba \u201cun nuevo y emocionante cap\u00edtulo\u201d de su vida, como asistente de Louis van Gaal, que por entonces lleg\u00f3 al <strong>Manchester United<\/strong> como director t\u00e9cnico.<\/p>\n<p style=\"text-align: center;\"><a href=\"https:\/\/www.futboltotal.com.mx\/2016\/12\/guardiola-ya-eligio-a-los-sustitutos-kompany-toure\/\" target=\"_blank\"><span style=\"color: #3366ff;\"><strong>LEER M\u00c1S: Guardiola ya eligi\u00f3 los fichajes que quiere en enero<\/strong><\/span><\/a><\/p>\n<p>Sin embargo, parece que el retiro de Giggs pudo haber ocurrido a\u00f1os antes, en 2009, para ser m\u00e1s precisos. Esto lo revel\u00f3 el propio ex futbolista, en la columna que escribe para el diario ingl\u00e9s The Telegraph.<\/p>\n<p>La raz\u00f3n que orill\u00f3 al ex extremo del <strong>Manchester United<\/strong> fue la final de la Champions League 2008-09, cuando los Red Devils enfrentaron al Barcelona, que entonces era dirigido por Pep Guardiola. \u201cLa primera vez que me enfrent\u00e9 a un equipo de Guardiola me sent\u00e9 en el banquillo de los t\u00e9cnicos tras el partido y por primera vez en mi carrera pens\u00e9 seriamente en retirarme del futbol\u201d, escribi\u00f3 Giggs.<\/p>\n<p style=\"text-align: center;\"><a href=\"https:\/\/www.futboltotal.com.mx\/2016\/12\/fuerte-sancion-aguero-expulsion-en-city-chelsea\/\" target=\"_blank\"><strong><span style=\"color: #3366ff;\">LEER M\u00c1S: Fuerte sanci\u00f3n para Ag\u00fcero por su expulsi\u00f3n en el City-Chelsea<\/span><\/strong><\/a><\/p>\n<p>Para el legendario miembro del cuadro de Old Trafford, esa final en Roma fue un momento obscuro: \u201cEn mi cabeza, siempre ser\u00e1 el peor momento de mis 23 a\u00f1os de carrera profesional. Fue un momento decisivo en mi vida y no quer\u00eda volver a sentirme as\u00ed nunca m\u00e1s\u201d.<\/p>\n<p>Adem\u00e1s de hablar de lo que signific\u00f3 aquel tropiezo para \u00e9l, Giggs envi\u00f3 un halago a Pep Guardiola: \u201cSe ha convertido en el [mejor] entrenador de su generaci\u00f3n\u201d.<\/p>\n","protected":false},"excerpt":{"rendered":"<p>Enfrentar a Guardiola tuvo un poderoso impacto en Giggs<\/p>\n","protected":false},"author":20,"featured_media":407308,"comment_status":"closed","ping_status":"closed","sticky":false,"template":"","format":"standard","meta":[],"categories":[3841,3839,3846,5951],"tags":[5984,36,2450,5630,2510,6075,5993,43,1791,2516,3465],"_links":{"self":[{"href":"http:\/\/desarrollo.grupomedios.com\/futbol\/wp-json\/wp\/v2\/posts\/447060"}],"collection":[{"href":"http:\/\/desarrollo.grupomedios.com\/futbol\/wp-json\/wp\/v2\/posts"}],"about":[{"href":"http:\/\/desarrollo.grupomedios.com\/futbol\/wp-json\/wp\/v2\/types\/post"}],"author":[{"embeddable":true,"href":"http:\/\/desarrollo.grupomedios.com\/futbol\/wp-json\/wp\/v2\/users\/20"}],"replies":[{"embeddable":true,"href":"http:\/\/desarrollo.grupomedios.com\/futbol\/wp-json\/wp\/v2\/comments?post=447060"}],"version-history":[{"count":0,"href":"http:\/\/desarrollo.grupomedios.com\/futbol\/wp-json\/wp\/v2\/posts\/447060\/revisions"}],"wp:featuredmedia":[{"embeddable":true,"href":"http:\/\/desarrollo.grupomedios.com\/futbol\/wp-json\/wp\/v2\/media\/407308"}],"wp:attachment":[{"href":"http:\/\/desarrollo.grupomedios.com\/futbol\/wp-json\/wp\/v2\/media?parent=447060"}],"wp:term":[{"taxonomy":"category","embeddable":true,"href":"http:\/\/desarrollo.grupomedios.com\/futbol\/wp-json\/wp\/v2\/categories?post=447060"},{"taxonomy":"post_tag","embeddable":true,"href":"http:\/\/desarrollo.grupomedios.com\/futbol\/wp-json\/wp\/v2\/tags?post=447060"}],"curies":[{"name":"wp","href":"https:\/\/api.w.org\/{rel}","templated":true}]}}