{"id":447073,"date":"2016-12-05T12:34:03","date_gmt":"2016-12-05T18:34:03","guid":{"rendered":"https:\/\/www.futboltotal.com.mx\/?p=447073"},"modified":"2016-12-05T13:27:28","modified_gmt":"2016-12-05T19:27:28","slug":"roger-schmidt-es-condescendiente-con-chicharito","status":"publish","type":"post","link":"http:\/\/desarrollo.grupomedios.com\/futbol\/destacado-home\/roger-schmidt-es-condescendiente-con-chicharito\/2016\/12","title":{"rendered":"T\u00e9cnico del Leverkusen &#8216;apapacha&#8217; a Chicharito"},"content":{"rendered":"<p>Roger Schmidt, director t\u00e9cnico del Bayer Leverkusen, absolvi\u00f3 de la responsabilidad a Javier <strong><em>Chicharito<\/em><\/strong> Hern\u00e1ndez de haber fallado el penal en el minuto 88 del juego ante el Friburgo, ejecuci\u00f3n que de haberla hecho efectiva hubiera significado el triunfo de las <em>aspirinas<\/em>.<\/p>\n<p>\u201c<strong><em>Chicharito<\/em><\/strong> tom\u00f3 una mala decisi\u00f3n, pero tambi\u00e9n fue una gran atajada del portero\u201d, justific\u00f3 Schmidt, sobre el penal fallado por Hern\u00e1ndez Balc\u00e1zar.<\/p>\n<p style=\"text-align: center;\"><a href=\"https:\/\/www.futboltotal.com.mx\/2016\/12\/shenhua-le-ofrece-a-tevez-40-mde\/\"><span style=\"color: #3366ff;\">LEER M\u00c1S: Shanghai Shenhua le ofrece a T\u00e9vez 40 millones de euros<\/span><\/a><\/p>\n<p>El delantero surgido en el Guadalajara de M\u00e9xico tuvo la oportunidad de darle el triunfo al Leverkusen en el juego correspondiente a la fecha 13 de la Bundesliga 2016-17, pero al fallarlo extendi\u00f3 su racha a 11 partidos consecutivos sin anotar con el Leverkusen, lapso que se extiende a 13 si se toma en cuenta los partidos que sostuvo con la Selecci\u00f3n de M\u00e9xico en contra de Estados Unidos y Panam\u00e1 correspondientes al Hexagonal clasificatorio a Rusia 2018.<\/p>\n<p>El m\u00e1s reciente gol hecho por el exdelantero del Real Madrid se remonta al 1 de octubre de 2016 al anotar el 2-0 en el triunfo de su club sobre el Borussia Dortmund. Si se toma en cuenta todos los juegos que ha disputado <strong><em>Chicharito<\/em><\/strong>, su sequ\u00eda de goles es de m\u00e1s de 1017 minutos.<\/p>\n<p>Con el empate a 1-1 ante Friburgo, el Leverkusen subi\u00f3 al sitio nueve en la tabla general, con 17 unidades, no obstante en estos momentos est\u00e1 fuera de los lugares que dan pases a torneos europeos.<\/p>\n<p style=\"text-align: center;\"><a href=\"https:\/\/www.futboltotal.com.mx\/2016\/12\/ex-del-barcelona-se-ofrece-jugar-en-chapecoense\/\"><span style=\"color: #3366ff;\">LEER M\u00c1S: Un ex del Bar\u00e7a se ofrece para jugar en el Chapecoense<\/span><\/a><\/p>\n<p>El penal fallado por <strong><em>Chicharito<\/em><\/strong> represent\u00f3 el cuarto errado por su club en lo que va de la temporada, adem\u00e1s, de los \u00faltimos 19 intentos desde los once pasos, \u00fanicamente han anotado en ocho ocasiones.<\/p>\n<p>Javier tendr\u00e1 una nueva oportunidad para terminar con su mala racha el pr\u00f3ximo mi\u00e9rcoles, cuando Bayer Leverkusen enfrente al M\u00f3naco en b\u00fasqueda de asegurar su boleto a los octavos de final de Champions League 2016-17.<\/p>\n","protected":false},"excerpt":{"rendered":"<p>Javier no anota un solo gol desde el pasado 1 de octubre, cuando le marc\u00f3 al Dortmund.<\/p>\n","protected":false},"author":127,"featured_media":447080,"comment_status":"closed","ping_status":"closed","sticky":false,"template":"","format":"standard","meta":[],"categories":[5,3839,6822],"tags":[4335,119,120,549,7737],"_links":{"self":[{"href":"http:\/\/desarrollo.grupomedios.com\/futbol\/wp-json\/wp\/v2\/posts\/447073"}],"collection":[{"href":"http:\/\/desarrollo.grupomedios.com\/futbol\/wp-json\/wp\/v2\/posts"}],"about":[{"href":"http:\/\/desarrollo.grupomedios.com\/futbol\/wp-json\/wp\/v2\/types\/post"}],"author":[{"embeddable":true,"href":"http:\/\/desarrollo.grupomedios.com\/futbol\/wp-json\/wp\/v2\/users\/127"}],"replies":[{"embeddable":true,"href":"http:\/\/desarrollo.grupomedios.com\/futbol\/wp-json\/wp\/v2\/comments?post=447073"}],"version-history":[{"count":0,"href":"http:\/\/desarrollo.grupomedios.com\/futbol\/wp-json\/wp\/v2\/posts\/447073\/revisions"}],"wp:featuredmedia":[{"embeddable":true,"href":"http:\/\/desarrollo.grupomedios.com\/futbol\/wp-json\/wp\/v2\/media\/447080"}],"wp:attachment":[{"href":"http:\/\/desarrollo.grupomedios.com\/futbol\/wp-json\/wp\/v2\/media?parent=447073"}],"wp:term":[{"taxonomy":"category","embeddable":true,"href":"http:\/\/desarrollo.grupomedios.com\/futbol\/wp-json\/wp\/v2\/categories?post=447073"},{"taxonomy":"post_tag","embeddable":true,"href":"http:\/\/desarrollo.grupomedios.com\/futbol\/wp-json\/wp\/v2\/tags?post=447073"}],"curies":[{"name":"wp","href":"https:\/\/api.w.org\/{rel}","templated":true}]}}