{"id":447097,"date":"2016-12-05T15:10:21","date_gmt":"2016-12-05T21:10:21","guid":{"rendered":"https:\/\/www.futboltotal.com.mx\/?p=447097"},"modified":"2016-12-05T15:10:21","modified_gmt":"2016-12-05T21:10:21","slug":"causa-y-efecto-moises-munoz","status":"publish","type":"post","link":"http:\/\/desarrollo.grupomedios.com\/futbol\/destacado-home\/causa-y-efecto-moises-munoz\/2016\/12","title":{"rendered":"Causa y efecto de\u2026 Mois\u00e9s Mu\u00f1oz"},"content":{"rendered":"<p>El arquero finalista de <strong>Liga MX<\/strong>, <strong>Mois\u00e9s Mu\u00f1oz,<\/strong>\u00a0dio un recital bajo los tres palos del <a href=\"https:\/\/www.futboltotal.com.mx\/equipos\/america\">Am\u00e9rica<\/a>\u00a0durante la semifinal ante <a href=\"https:\/\/www.futboltotal.com.mx\/equipos\/necaxa\">Necaxa<\/a> en el <strong>Apertura 2016<\/strong>, en medio de un vendaval de se\u00f1alamientos por el anuncio del guardameta argentino <strong>Agust\u00edn Marches\u00edn<\/strong> para el pr\u00f3ximo torneo.<\/p>\n<p>El manejo de cr\u00edticas, presi\u00f3n y momentos complicados no son algo nuevo en la vida de Mu\u00f1oz, quien a lo largo de su trayectoria ha tenido que afrontar distintas realidades tanto a en los clubes que ha defendido (<strong>Morelia, Atlante y las \u00c1guilas<\/strong>) como en su irregular paso por la Selecci\u00f3n Mexicana.<\/p>\n<p><a href=\"https:\/\/www.futboltotal.com.mx\/2016\/12\/resultado-america-2-1-necaxa-semifinal-liga-mx\/\">LEER M\u00c1S: AM\u00c9RICA VUELA A LA FINAL EN SU A\u00d1O DE CENTENARIO<\/a><\/p>\n<p>Incluso en el \u00e1mbito\u00a0personal ha disputado partidos \u00e9picos, donde su propia vida y la de su familia estuvieron en riesgo en el 2012 durante un tr\u00e1gico accidente automovil\u00edstico. Luego de ese dif\u00edcil momento, el michoacano mostr\u00f3 de qu\u00e9 est\u00e1 hecho y result\u00f3 un punto de inflexi\u00f3n en su carrera, a la que finalmente llegar\u00edan los trofeos con Am\u00e9rica.<\/p>\n<p>[video_player]https:\/\/player.vimeo.com\/external\/194403674.hd.mp4?s=81604dbc22c7cd4025e51496601c32de23416a6a&amp;profile_id=174[\/video_player]<\/p>\n<p>Sin duda, Moi es un ganador y nunca baja los brazos por m\u00e1s complicado que sea el reto a encarar. Los t\u00edtulos obtenidos en su trayectoria lo avalan como un portero de garant\u00edas, pero su lado m\u00e1s\u00a0demuestra la calidad humana de este crack\u00a0azulcrema, al menos hasta que acabe la participaci\u00f3n del equipo en el <strong>Mundial de Clubes<\/strong> y tras que disputen la gran Final de la <strong>Liga MX<\/strong> el pr\u00f3ximo 25 de diciembre.<\/p>\n<p><a href=\"https:\/\/www.futboltotal.com.mx\/2016\/12\/moises-munoz-sostiene-al-america\/\">LEER M\u00c1S: MOIS\u00c9S MU\u00d1OZ SOSTIENE AL AM\u00c9RICA Y LE DA PASE A LA FINAL<\/a><\/p>\n","protected":false},"excerpt":{"rendered":"<p>Moi es un ganador y nunca baja los brazos por m\u00e1s complicado que sea el reto a encarar.<\/p>\n","protected":false},"author":154,"featured_media":446566,"comment_status":"closed","ping_status":"closed","sticky":false,"template":"","format":"standard","meta":[],"categories":[5,2198,3845],"tags":[1585,5959,64,1046,7746,635],"_links":{"self":[{"href":"http:\/\/desarrollo.grupomedios.com\/futbol\/wp-json\/wp\/v2\/posts\/447097"}],"collection":[{"href":"http:\/\/desarrollo.grupomedios.com\/futbol\/wp-json\/wp\/v2\/posts"}],"about":[{"href":"http:\/\/desarrollo.grupomedios.com\/futbol\/wp-json\/wp\/v2\/types\/post"}],"author":[{"embeddable":true,"href":"http:\/\/desarrollo.grupomedios.com\/futbol\/wp-json\/wp\/v2\/users\/154"}],"replies":[{"embeddable":true,"href":"http:\/\/desarrollo.grupomedios.com\/futbol\/wp-json\/wp\/v2\/comments?post=447097"}],"version-history":[{"count":0,"href":"http:\/\/desarrollo.grupomedios.com\/futbol\/wp-json\/wp\/v2\/posts\/447097\/revisions"}],"wp:featuredmedia":[{"embeddable":true,"href":"http:\/\/desarrollo.grupomedios.com\/futbol\/wp-json\/wp\/v2\/media\/446566"}],"wp:attachment":[{"href":"http:\/\/desarrollo.grupomedios.com\/futbol\/wp-json\/wp\/v2\/media?parent=447097"}],"wp:term":[{"taxonomy":"category","embeddable":true,"href":"http:\/\/desarrollo.grupomedios.com\/futbol\/wp-json\/wp\/v2\/categories?post=447097"},{"taxonomy":"post_tag","embeddable":true,"href":"http:\/\/desarrollo.grupomedios.com\/futbol\/wp-json\/wp\/v2\/tags?post=447097"}],"curies":[{"name":"wp","href":"https:\/\/api.w.org\/{rel}","templated":true}]}}