{"id":447117,"date":"2016-12-05T16:19:24","date_gmt":"2016-12-05T22:19:24","guid":{"rendered":"https:\/\/www.futboltotal.com.mx\/?p=447117"},"modified":"2016-12-05T16:19:24","modified_gmt":"2016-12-05T22:19:24","slug":"la-real-sociedad-vela-sufren-goleada-en-riazor","status":"publish","type":"post","link":"http:\/\/desarrollo.grupomedios.com\/futbol\/futbol-internacional\/la-real-sociedad-vela-sufren-goleada-en-riazor\/2016\/12","title":{"rendered":"La Real Sociedad y Vela sufren goleada en Riazor"},"content":{"rendered":"<p>El estadio Riazor fue infernal para la <strong>Real Sociedad<\/strong> y el mexicano <strong>Carlos Vela<\/strong>, quien acab\u00f3 sin gol y sustituido al minuto 64. A manos del Deportivo La Coru\u00f1a sufrieron la peor derrota de la temporada 2016-17 y quedaron exhibidos tras caer 5-1 en la jornada 14 de la Liga BBVA.<\/p>\n<p>La racha de cinco partidos sin conocer la derrota de Eusebio Sacrist\u00e1n qued\u00f3 echa a\u00f1icos. Un gol prematuro, justo antes del cuarto de hora, un autogol antes de la media hora, y otro m\u00e1s antes del primer tiempo, anunciaron la debacle.\u00a0La Real no sufr\u00eda una derrota as\u00ed desde el pasado 22 de enero cuando el Sporting dio un golpe de autoridad y le endos\u00f3 el mismo marcador.<\/p>\n<p style=\"text-align: center;\"><span style=\"color: #3366ff;\">LEER M\u00c1S: Todas las noticias de mexicanos en Europa<\/span><\/p>\n<p><iframe loading=\"lazy\" src=\"https:\/\/www.youtube.com\/embed\/i7KasCOjzh0\" frameborder=\"0\" allowfullscreen=\"allowfullscreen\"><\/iframe><\/p>\n<p>No fue la noche de Carlos Vel. Tuvo para marcar el empate tras una galopada por la banda, pero pec\u00f3 de ego\u00edsta y acab\u00f3 disparando mal. Fue la \u00fanica ocasi\u00f3n que tuvo y acab\u00f3 sustituido por JuanMi en el complemento. Y tampoco lo fue de la Real, que\u00a0regal\u00f3 un gol despu\u00e9s de que Andone centr\u00f3 por la banda izquierda y all\u00ed I\u00f1igo Mart\u00ednez despej\u00f3 el bal\u00f3n, sin querer, al fondo de su porter\u00eda.<\/p>\n<p>Los coru\u00f1eses volvieron a romper a la Real Sociedad con un desdoblamiento de Juanfran, que asisti\u00f3 al internacional rumano para que este conectara un gran remate con la derecha y colocara el 3-0 en el marcador.<\/p>\n<p>En el complemento, el holand\u00e9s Ryan Babel anot\u00f3 el cuarto con un lanzamiento tras una buena tapada de Rulli. Andone dict\u00f3 sentencia con el quinto de la noche y firm\u00f3 un triunfo que le saca de las posiciones de descenso a las que hab\u00eda ca\u00eddo el domingo con la victoria del Sporting de Gij\u00f3n ante el Atl\u00e9tico Osasuna.<\/p>\n<p>A la Real nada le sali\u00f3 en Riazor, donde incluso se le neg\u00f3 un gol de Willian Jos\u00e9 en los instantes finales con un remate que dio en el larguero, en el poste y no acab\u00f3 en el fondo de la red.<\/p>\n","protected":false},"excerpt":{"rendered":"<p>Los Txuri Urd\u00edn cayeron en Riazor en la Jornada 14; Vela jug\u00f3 64 minutos<\/p>\n","protected":false},"author":20,"featured_media":447119,"comment_status":"closed","ping_status":"closed","sticky":false,"template":"","format":"standard","meta":[],"categories":[3839,3844,5951],"tags":[6048,102],"_links":{"self":[{"href":"http:\/\/desarrollo.grupomedios.com\/futbol\/wp-json\/wp\/v2\/posts\/447117"}],"collection":[{"href":"http:\/\/desarrollo.grupomedios.com\/futbol\/wp-json\/wp\/v2\/posts"}],"about":[{"href":"http:\/\/desarrollo.grupomedios.com\/futbol\/wp-json\/wp\/v2\/types\/post"}],"author":[{"embeddable":true,"href":"http:\/\/desarrollo.grupomedios.com\/futbol\/wp-json\/wp\/v2\/users\/20"}],"replies":[{"embeddable":true,"href":"http:\/\/desarrollo.grupomedios.com\/futbol\/wp-json\/wp\/v2\/comments?post=447117"}],"version-history":[{"count":0,"href":"http:\/\/desarrollo.grupomedios.com\/futbol\/wp-json\/wp\/v2\/posts\/447117\/revisions"}],"wp:featuredmedia":[{"embeddable":true,"href":"http:\/\/desarrollo.grupomedios.com\/futbol\/wp-json\/wp\/v2\/media\/447119"}],"wp:attachment":[{"href":"http:\/\/desarrollo.grupomedios.com\/futbol\/wp-json\/wp\/v2\/media?parent=447117"}],"wp:term":[{"taxonomy":"category","embeddable":true,"href":"http:\/\/desarrollo.grupomedios.com\/futbol\/wp-json\/wp\/v2\/categories?post=447117"},{"taxonomy":"post_tag","embeddable":true,"href":"http:\/\/desarrollo.grupomedios.com\/futbol\/wp-json\/wp\/v2\/tags?post=447117"}],"curies":[{"name":"wp","href":"https:\/\/api.w.org\/{rel}","templated":true}]}}