{"id":447140,"date":"2016-12-06T07:38:14","date_gmt":"2016-12-06T13:38:14","guid":{"rendered":"https:\/\/www.futboltotal.com.mx\/?p=447140"},"modified":"2016-12-06T13:14:00","modified_gmt":"2016-12-06T19:14:00","slug":"cruz-azul-cerca-fichar-a-primer-refuerzo","status":"publish","type":"post","link":"http:\/\/desarrollo.grupomedios.com\/futbol\/futbol-mexicano\/cruz-azul-cerca-fichar-a-primer-refuerzo\/2016\/12","title":{"rendered":"Cruz Azul, cerca de fichar a su primer refuerzo"},"content":{"rendered":"<p>Despu\u00e9s de haber confirmado la lista de transferibles para el pr\u00f3ximo Clausura 2017, as\u00ed como la llegada del entrenador Paco Jem\u00e9z, <strong>Cruz Azul<\/strong> ha comenzado a buscar refuerzos en Sudam\u00e9rica. Una de las futuribles contrataciones es el atacante ecuatoriano <strong>\u00c1ngel Mena<\/strong>, quien milita en el Emelec y acaba contrato en 2017.<\/p>\n<p><strong>Mena<\/strong>, quien se forj\u00f3 en la cantera del club de Guayaquil, fue colocado este lunes como el primer refuerzo que tendr\u00edan en mente la directiva <em>celeste<\/em> y el entrenador J\u00e9mez. El delantero, de 28 a\u00f1os, ser\u00eda fichado por tres a\u00f1os y ya se habr\u00edan dado los primeros contactos para negociar su traspaso, seg\u00fan apuntan diversos medios ecuatorianos.<\/p>\n<p style=\"text-align: center;\"><span style=\"color: #3366ff;\">LEER M\u00c1S: Todas las noticias de futbol mexicano<\/span><\/p>\n<p><iframe loading=\"lazy\" src=\"https:\/\/www.youtube.com\/embed\/AxkWCRZFIPc\" frameborder=\"0\" allowfullscreen=\"allowfullscreen\"><\/iframe><br \/>\nDesde hace nueve a\u00f1os, <strong>Mena<\/strong> juega en el futbol de su natal. Su debut en 2007 se dio con el Emelec y en 2010 tuvo una sesi\u00f3n fugaz con el Deportivo Cuenca. Un a\u00f1os despu\u00e9s regres\u00f3 para afianzarse con <em>Millonarios<\/em> y logr\u00f3 convertirse en uno de los goleadores que gui\u00f3 al equipo a la conquista del tricampeonato de liga de 2013 a 2015. Su posici\u00f3n nominal es volante ofensivo, pero tambi\u00e9n puede desempe\u00f1arse como extremo o media punta.<\/p>\n<p>La mejor cuota de goles que figura en su hoja de servicio la consigui\u00f3 en 2014, cuando firm\u00f3 18 goles en 55 apariciones. Tuvo reflectores en M\u00e9xico durante la pasada Copa Libertadores cuando anot\u00f3 un doblete a Pumas en Ciudad Universitaria.<\/p>\n<p>No es la primera vez que <strong>\u00c1ngel\u00a0Mena\u00a0<\/strong>suena para llegar a la Liga MX. El pasado mes de abril fue vinculado con Santos; sin embargo las negociaciones no llegaron a buen puerto.<\/p>\n<p><strong>Mena\u00a0<\/strong>sufri\u00f3 algunas lesiones en la segunda etapa del campeonato ecuatoriano 2016 que le impidieron disputar 7 de 21 partidos. Aun as\u00ed acab\u00f3 como el subl\u00edder anotador de los <em>Millonarios<\/em> con 16 dianas, detr\u00e1s de Guanca Cristian David.<\/p>\n","protected":false},"excerpt":{"rendered":"<p>La M\u00e1quina traer\u00eda al volante ecuatoriano para el Clausura 2017<\/p>\n","protected":false},"author":20,"featured_media":447150,"comment_status":"closed","ping_status":"closed","sticky":false,"template":"","format":"standard","meta":[],"categories":[7740,2198,3845,5950],"tags":[7749,7732,5962],"_links":{"self":[{"href":"http:\/\/desarrollo.grupomedios.com\/futbol\/wp-json\/wp\/v2\/posts\/447140"}],"collection":[{"href":"http:\/\/desarrollo.grupomedios.com\/futbol\/wp-json\/wp\/v2\/posts"}],"about":[{"href":"http:\/\/desarrollo.grupomedios.com\/futbol\/wp-json\/wp\/v2\/types\/post"}],"author":[{"embeddable":true,"href":"http:\/\/desarrollo.grupomedios.com\/futbol\/wp-json\/wp\/v2\/users\/20"}],"replies":[{"embeddable":true,"href":"http:\/\/desarrollo.grupomedios.com\/futbol\/wp-json\/wp\/v2\/comments?post=447140"}],"version-history":[{"count":0,"href":"http:\/\/desarrollo.grupomedios.com\/futbol\/wp-json\/wp\/v2\/posts\/447140\/revisions"}],"wp:featuredmedia":[{"embeddable":true,"href":"http:\/\/desarrollo.grupomedios.com\/futbol\/wp-json\/wp\/v2\/media\/447150"}],"wp:attachment":[{"href":"http:\/\/desarrollo.grupomedios.com\/futbol\/wp-json\/wp\/v2\/media?parent=447140"}],"wp:term":[{"taxonomy":"category","embeddable":true,"href":"http:\/\/desarrollo.grupomedios.com\/futbol\/wp-json\/wp\/v2\/categories?post=447140"},{"taxonomy":"post_tag","embeddable":true,"href":"http:\/\/desarrollo.grupomedios.com\/futbol\/wp-json\/wp\/v2\/tags?post=447140"}],"curies":[{"name":"wp","href":"https:\/\/api.w.org\/{rel}","templated":true}]}}