{"id":447144,"date":"2016-12-05T19:17:52","date_gmt":"2016-12-06T01:17:52","guid":{"rendered":"https:\/\/www.futboltotal.com.mx\/?p=447144"},"modified":"2016-12-05T19:17:52","modified_gmt":"2016-12-06T01:17:52","slug":"gana-balon-adidas-la-champions-league","status":"publish","type":"post","link":"http:\/\/desarrollo.grupomedios.com\/futbol\/promociones\/gana-balon-adidas-la-champions-league\/2016\/12","title":{"rendered":"Gana un bal\u00f3n adidas de la Champions League"},"content":{"rendered":"<p><strong>Adidas <\/strong>y\u00a0<strong>Futbol Total<\/strong>\u00a0tienen para ti el\u00a0bal\u00f3n\u00a0oficial de esta\u00a0<strong>UEFA Champions League, <\/strong>un esf\u00e9rico que \u00a0cuenta con mensaje\u00a0escritos a mano de algunos de los mejores jugadores, incluyendo a Mesut Ozil, Toni Kroos, James Rodr\u00edguez y Gareth Bale, quienes comentan sobre c\u00f3mo ganan a su manera.<\/p>\n<p><i><span lang=\"EN-US\">\u201cPlay your life, I play mine\u201d<\/span><\/i><span lang=\"EN-US\"> \u2013 Mesut Ozil, con Toni Kroos agregando <i>\u201ccontrolling the game is everything\u201d<\/i>. <\/span>James Rodr\u00edguez escribi\u00f3 <i>\u201cla creatividad gana\u201d<\/i>, mientras que Bale dijo <i>\u201cbeing faster than a bullet\u201d<\/i>.<\/p>\n<p class=\"m_4361372361942503043MsoPlainText\">\n<p class=\"m_4361372361942503043MsoPlainText\">\nBASES:<\/p>\n<p>\u2013 Dar Me Gusta\u00a0a la cuenta de Facebook de\u00a0<a href=\"https:\/\/www.facebook.com\/futboltotalmexico\/?fref=ts\">Futbol Total<\/a><\/p>\n<p>\u2013 Seguir a la cuenta OFICIAL en Twitter de\u00a0<a href=\"https:\/\/twitter.com\/MXFutbolTotal\"><strong>Futbol Total<\/strong><\/a><strong>\u00a0<\/strong>y <strong><a href=\"https:\/\/twitter.com\/adidasMX\">adidas<\/a><\/strong>, as\u00ed como darle RT a la promoci\u00f3n.<\/p>\n<p>\u2013 Decirnos tu pron\u00f3stico del marcador final de los siguientes partidos: \u00a0<strong>Bayern Munich vs Atl\u00e9tico de Madrid; Benfica vs N\u00e1poles; \u00a0Juventus vs Dinamo Zagreb y Real Madrid\u00a0vs Borussia Dortmund<\/strong>\u00a0que se disputar\u00e1n entre este martes 6 y el mi\u00e9rcoles 7 de diciembre de 2016.<\/p>\n<p>\u2013\u00a0Debes mandar tus pron\u00f3sticos al mail futboltotal@futboltotal.com.mx con asunto \u201c<strong>BAL\u00d3N<\/strong>\u00a0<strong>ADIDAS CHAMPIONS LEAGUE\u00a0\u00a0FUTBOL TOTAL<\/strong>\u201d. El mensaje deber\u00e1 estar acompa\u00f1ado del\u00a0nombre completo y cuentas de redes sociales del participante, as\u00ed como la captura del Follow y el retuit de Twitter.<\/p>\n<p>\u2013\u00a0El primer pron\u00f3stico acertado\u00a0y que cumpla con el requisito de redes sociales ser\u00e1 el\u00a0ganador del\u00a0<strong>bal\u00f3n\u00a0adidas<\/strong><strong>\u00a0<\/strong>de la UEFA Champions League.<\/p>\n<p>\u2013\u00a0\u00danicamente puedes mandar un correo, de lo contrario ser\u00e1s descalificado.<\/p>\n<p>\u2013 S\u00f3lo se tomar\u00e1n en cuenta pron\u00f3sticos recibidos hasta antes del martes 6\u00a0de diciembre a las 13:30\u00a0horas.<br \/>\nEl equipo FT se comunicar\u00e1 con el ganador, qui\u00e9n deber\u00e1 recoger su premio en las oficinas de Futbol Total, ubicadas en la Ciudad de M\u00e9xico. La entrega del bal\u00f3n\u00a0se har\u00e1 hasta este viernes 16 de diciembre\u00a0en un horario de 10:00 a 17:00 horas. Indispensable presentar original y copia de identificaci\u00f3n oficial. Para dar mayor oportunidad a otros ganadores, no podr\u00e1n participar quienes hayan obtenido premio en los \u00faltimos 6 meses.<\/p>\n<p>\u00a1Mucha suerte,\u00a0<em>cracks<\/em>!<\/p>\n","protected":false},"excerpt":{"rendered":"<p>La Fase de Grupos llega a su final con este sorprendente regalo.<\/p>\n","protected":false},"author":20,"featured_media":447145,"comment_status":"closed","ping_status":"closed","sticky":false,"template":"","format":"standard","meta":[],"categories":[3841,3839,60,5951],"tags":[1560,5772,36],"_links":{"self":[{"href":"http:\/\/desarrollo.grupomedios.com\/futbol\/wp-json\/wp\/v2\/posts\/447144"}],"collection":[{"href":"http:\/\/desarrollo.grupomedios.com\/futbol\/wp-json\/wp\/v2\/posts"}],"about":[{"href":"http:\/\/desarrollo.grupomedios.com\/futbol\/wp-json\/wp\/v2\/types\/post"}],"author":[{"embeddable":true,"href":"http:\/\/desarrollo.grupomedios.com\/futbol\/wp-json\/wp\/v2\/users\/20"}],"replies":[{"embeddable":true,"href":"http:\/\/desarrollo.grupomedios.com\/futbol\/wp-json\/wp\/v2\/comments?post=447144"}],"version-history":[{"count":0,"href":"http:\/\/desarrollo.grupomedios.com\/futbol\/wp-json\/wp\/v2\/posts\/447144\/revisions"}],"wp:featuredmedia":[{"embeddable":true,"href":"http:\/\/desarrollo.grupomedios.com\/futbol\/wp-json\/wp\/v2\/media\/447145"}],"wp:attachment":[{"href":"http:\/\/desarrollo.grupomedios.com\/futbol\/wp-json\/wp\/v2\/media?parent=447144"}],"wp:term":[{"taxonomy":"category","embeddable":true,"href":"http:\/\/desarrollo.grupomedios.com\/futbol\/wp-json\/wp\/v2\/categories?post=447144"},{"taxonomy":"post_tag","embeddable":true,"href":"http:\/\/desarrollo.grupomedios.com\/futbol\/wp-json\/wp\/v2\/tags?post=447144"}],"curies":[{"name":"wp","href":"https:\/\/api.w.org\/{rel}","templated":true}]}}