{"id":447177,"date":"2016-12-06T17:00:16","date_gmt":"2016-12-06T23:00:16","guid":{"rendered":"https:\/\/www.futboltotal.com.mx\/?p=447177"},"modified":"2016-12-08T12:59:47","modified_gmt":"2016-12-08T18:59:47","slug":"asi-vivieron-mundial-clubes-almaguer-necaxa-en-2000","status":"publish","type":"post","link":"http:\/\/desarrollo.grupomedios.com\/futbol\/destacado-home\/asi-vivieron-mundial-clubes-almaguer-necaxa-en-2000\/2016\/12","title":{"rendered":"As\u00ed vivieron el Mundial de Clubes: Almaguer y Necaxa en 2000"},"content":{"rendered":"<p>Han pasado m\u00e1s de quince a\u00f1os y el recuerdo de aquella aventura en la primera edici\u00f3n del Mundial de Clubes es imborrable para Sergio Almaguer, defensa central de aquel <strong>Necaxa <\/strong>de Ra\u00fal Ar\u00edas que en el a\u00f1o 2000 viaj\u00f3 a R\u00edo de Janeiro con la ilusi\u00f3n de hacer historia.<\/p>\n<p>Los <em>Rayos <\/em>aun ten\u00edan la etiqueta del &#8220;Equipo de la D\u00e9cada&#8221;. Recibieron el nuevo milenio en la capital brasile\u00f1a y participar\u00edan en la justa armada por la FIFA, tras conquistar en 1999 la Liga de Campeones de la Concacaf. Sorprendieron a propios y extra\u00f1os: acabaron por encima del Real Madrid y el Manchester United.<\/p>\n<p>\u00bfC\u00f3mo vivieron y qu\u00e9 ocurri\u00f3 durante su estancia en Brasil? El propio Almaguer lo relat\u00f3 a Futbol Total.<\/p>\n<p style=\"text-align: center;\"><span style=\"color: #3366ff;\">LEER M\u00c1S: Todas las noticia de futbol internacional<\/span><\/p>\n<p style=\"text-align: center;\"><iframe loading=\"lazy\" src=\"https:\/\/www.youtube.com\/embed\/oEgJk6y1IM4\" frameborder=\"0\" allowfullscreen=\"allowfullscreen\"><\/iframe><\/p>\n<blockquote><p>&#8220;En aquel tiempo tomaba fuerza a publicidad con los jugadores y la marca deportiva <em>Escort<\/em> me pidi\u00f3 que portara un sombrero charro con su insignia. Lo mismo hicieron David \u00a0Oliva, Chava Cabrera, Cristian Montecinos, Agust\u00edn Delgado e incluso Sergio V\u00e1zquez.<\/p>\n<h4 style=\"text-align: left;\"><span style=\"color: #800000;\">El sombrero deb\u00edamos portarlo al salir del hotel, entonces los brasile\u00f1os se nos acercaban para tomarse fotos con nosotros, mientras entonaban canciones rancheras en portu\u00f1ol.<\/span><\/h4>\n<p>Resultaba estimulante saber que enfrentar\u00edamos en nuestro primer partido al Manchester United de David Beckham, Dwight Yorke, Ryan Giggs y compa\u00f1\u00eda. Fue curioso, porque mientras nosotros entren\u00e1bamos, los jugadores del Manchester se paseaban en el hotel, se ve\u00edan muy confiados.<\/p>\n<p><img decoding=\"async\" loading=\"lazy\" class=\"alignnone size-full wp-image-447206\" src=\"https:\/\/www.futboltotal.com.mx\/wp-content\/uploads\/2016\/12\/Mundial-CLubes.jpg\" alt=\"mundial-clubes\" srcset=\"http:\/\/desarrollo.grupomedios.com\/futbol\/wp-content\/uploads\/2016\/12\/Mundial-CLubes.jpg 858w, http:\/\/desarrollo.grupomedios.com\/futbol\/wp-content\/uploads\/2016\/12\/Mundial-CLubes-300x151.jpg 300w, http:\/\/desarrollo.grupomedios.com\/futbol\/wp-content\/uploads\/2016\/12\/Mundial-CLubes-768x386.jpg 768w, http:\/\/desarrollo.grupomedios.com\/futbol\/wp-content\/uploads\/2016\/12\/Mundial-CLubes-340x171.jpg 340w\" sizes=\"(max-width: 858px) 100vw, 858px\" \/><\/p>\n<p>En el juego, Jos\u00e9 el Mudo Mili\u00e1n recibi\u00f3 un planchazo en el abdomen de Beckham, quien se fue expulsado. Pese a ello, a\u00fan se les ve\u00eda muy confiados, pero Montecinos \u2013al que le pintamos unos rayos en el cabello simulando el emblema del equipo\u2013 anot\u00f3 el 1-0. Estuvimos a punto de ganar, pero Yorke nos empat\u00f3 casi al final.<\/p>\n<p>D\u00edas despu\u00e9s enfrentamos al Vasco da Gama de Rom\u00e1rio, todo un crack. Era muy h\u00e1bil y fue un privilegio jugar contra \u00e9l; de hecho, nos anot\u00f3 el gol con el que nos ganaron 2-1. Tengo fotos disputando la pelota contra \u00e9l.<\/p>\n<p><iframe loading=\"lazy\" src=\"https:\/\/www.youtube.com\/embed\/-CHHxRomvy8\" frameborder=\"0\" allowfullscreen=\"allowfullscreen\"><\/iframe><\/p>\n<p>Pese a la derrota, terminamos en segundo lugar del Grupo B lo que nos permiti\u00f3 jugar ante el Real Madrid por el tercer lugar. Tras 90 minutos empatamos 1-1, pero en los penales los derrotamos en lo que fue un gran logro porque \u00edbamos como v\u00edctimas potenciales.<\/p>\n<p>En esos momentos, los equipos europeos ve\u00edan a los mexicanos hacia abajo, pero nosotros \u00e9ramos un plantel que conoc\u00eda muy bien su sistema. Salvo el partido ante el Vasco, en los dem\u00e1s dimos actuaciones muy equilibradas y, sin sonar conformistas, quedamos satisfechos con lo que hicimos porque dimos todo en la cancha: eso nos lo reconoci\u00f3 la afici\u00f3n que fue a recibirnos al aeropuerto cuando regresamos a M\u00e9xico&#8221;.<\/p>\n<p><iframe loading=\"lazy\" src=\"https:\/\/www.youtube.com\/embed\/-GQENAzpHN8\" frameborder=\"0\" allowfullscreen=\"allowfullscreen\"><\/iframe><\/p>\n<p><em>Texto tomado de la edici\u00f3n 214 de la Revista Futbol Total<\/em><\/p><\/blockquote>\n","protected":false},"excerpt":{"rendered":"<p>Los Rayos consiguieron un estupendo tercer lugar tras superar al Real Madrid en penales.<\/p>\n","protected":false},"author":127,"featured_media":447212,"comment_status":"closed","ping_status":"closed","sticky":false,"template":"","format":"standard","meta":[],"categories":[5,3839],"tags":[261],"_links":{"self":[{"href":"http:\/\/desarrollo.grupomedios.com\/futbol\/wp-json\/wp\/v2\/posts\/447177"}],"collection":[{"href":"http:\/\/desarrollo.grupomedios.com\/futbol\/wp-json\/wp\/v2\/posts"}],"about":[{"href":"http:\/\/desarrollo.grupomedios.com\/futbol\/wp-json\/wp\/v2\/types\/post"}],"author":[{"embeddable":true,"href":"http:\/\/desarrollo.grupomedios.com\/futbol\/wp-json\/wp\/v2\/users\/127"}],"replies":[{"embeddable":true,"href":"http:\/\/desarrollo.grupomedios.com\/futbol\/wp-json\/wp\/v2\/comments?post=447177"}],"version-history":[{"count":0,"href":"http:\/\/desarrollo.grupomedios.com\/futbol\/wp-json\/wp\/v2\/posts\/447177\/revisions"}],"wp:featuredmedia":[{"embeddable":true,"href":"http:\/\/desarrollo.grupomedios.com\/futbol\/wp-json\/wp\/v2\/media\/447212"}],"wp:attachment":[{"href":"http:\/\/desarrollo.grupomedios.com\/futbol\/wp-json\/wp\/v2\/media?parent=447177"}],"wp:term":[{"taxonomy":"category","embeddable":true,"href":"http:\/\/desarrollo.grupomedios.com\/futbol\/wp-json\/wp\/v2\/categories?post=447177"},{"taxonomy":"post_tag","embeddable":true,"href":"http:\/\/desarrollo.grupomedios.com\/futbol\/wp-json\/wp\/v2\/tags?post=447177"}],"curies":[{"name":"wp","href":"https:\/\/api.w.org\/{rel}","templated":true}]}}