{"id":447178,"date":"2016-12-06T08:37:17","date_gmt":"2016-12-06T14:37:17","guid":{"rendered":"https:\/\/www.futboltotal.com.mx\/?p=447178"},"modified":"2016-12-06T12:09:08","modified_gmt":"2016-12-06T18:09:08","slug":"zidane-harto-cuestionamientos-james-rodriguez","status":"publish","type":"post","link":"http:\/\/desarrollo.grupomedios.com\/futbol\/futbol-internacional\/zidane-harto-cuestionamientos-james-rodriguez\/2016\/12","title":{"rendered":"Zidane, cansado del tema James: &#8220;No quiero decir tonter\u00edas&#8221;"},"content":{"rendered":"<p>Zinedine Zidane, t\u00e9cnico del Real Madrid, pidi\u00f3, a la tercera pregunta sobre James Rodr\u00edguez, pasar a otro asunto, porque asegur\u00f3 que no quer\u00eda &#8220;decir tonter\u00edas&#8221;, tras insistir nuevamente en que pese a la falta de minutos para el colombiano, lo sigue considerando un &#8220;jugador importante&#8221;.<\/p>\n<p>&#8220;Prefiero pasar a otra pregunta, no quiero decir tonter\u00edas&#8221;, termin\u00f3 respondiendo Zidane cuando fue preguntado por si dar\u00eda permiso a James a abandonar el Real Madrid en el mercado invernal si se lo pide su jugador.<\/p>\n<p>https:\/\/twitter.com\/realmadrid\/status\/806100649029074944<\/p>\n<p>El colombiano se entren\u00f3 en la ciudad deportiva de Valdebebas tras el Cl\u00e1sico, a la vuelta del viaje de Barcelona despu\u00e9s de no participar en el Cl\u00e1sico. Un hecho al que Zidane no le concede importancia. &#8220;Para m\u00ed, esto no es nada&#8221;, asegur\u00f3.<\/p>\n<p>&#8220;Yo admiro a James. Entrena y est\u00e1 a disposici\u00f3n del equipo, es uno m\u00e1s. Tengo el mismo trato con \u00e9l que con todos. No va a cambiar nada. \u00c9l, como muchos jugadores, cuando volvemos de un partido a veces se entrenan en la ciudad deportiva. Con todos el mismo trato&#8221;, a\u00f1adi\u00f3.<\/p>\n<p style=\"text-align: center;\"><span style=\"color: #3366ff;\"><a style=\"color: #3366ff;\" href=\"https:\/\/www.futboltotal.com.mx\/2016\/12\/dario-veron-se-retirara-con-pumas\/\">LEER M\u00c1S: Dar\u00edo Ver\u00f3n se retirar\u00e1 con Pumas<\/a><\/span><\/p>\n<p>Zidane insisti\u00f3 en el mensaje que siempre lanza sobre James. &#8220;Cada uno puede opinar, cuando juegas menos te puedes plantear marcharte, pero James es jugador del Real Madrid, uno importante. Es verdad que quiere jugar m\u00e1s y que \u00faltimamente no est\u00e1 jugando mucho, pero para m\u00ed es importante y siempre lo va a ser porque voy a necesitar de todo el grupo&#8221;. EFE<\/p>\n","protected":false},"excerpt":{"rendered":"<p>James ha visto pocos minutos en el Madrid desde que lleg\u00f3 el franc\u00e9s.<\/p>\n","protected":false},"author":144,"featured_media":428989,"comment_status":"closed","ping_status":"closed","sticky":false,"template":"","format":"standard","meta":[],"categories":[3841,7740,3839,3844,5951],"tags":[36,6475,6082,2048,91,5988,2943,7750],"_links":{"self":[{"href":"http:\/\/desarrollo.grupomedios.com\/futbol\/wp-json\/wp\/v2\/posts\/447178"}],"collection":[{"href":"http:\/\/desarrollo.grupomedios.com\/futbol\/wp-json\/wp\/v2\/posts"}],"about":[{"href":"http:\/\/desarrollo.grupomedios.com\/futbol\/wp-json\/wp\/v2\/types\/post"}],"author":[{"embeddable":true,"href":"http:\/\/desarrollo.grupomedios.com\/futbol\/wp-json\/wp\/v2\/users\/144"}],"replies":[{"embeddable":true,"href":"http:\/\/desarrollo.grupomedios.com\/futbol\/wp-json\/wp\/v2\/comments?post=447178"}],"version-history":[{"count":0,"href":"http:\/\/desarrollo.grupomedios.com\/futbol\/wp-json\/wp\/v2\/posts\/447178\/revisions"}],"wp:featuredmedia":[{"embeddable":true,"href":"http:\/\/desarrollo.grupomedios.com\/futbol\/wp-json\/wp\/v2\/media\/428989"}],"wp:attachment":[{"href":"http:\/\/desarrollo.grupomedios.com\/futbol\/wp-json\/wp\/v2\/media?parent=447178"}],"wp:term":[{"taxonomy":"category","embeddable":true,"href":"http:\/\/desarrollo.grupomedios.com\/futbol\/wp-json\/wp\/v2\/categories?post=447178"},{"taxonomy":"post_tag","embeddable":true,"href":"http:\/\/desarrollo.grupomedios.com\/futbol\/wp-json\/wp\/v2\/tags?post=447178"}],"curies":[{"name":"wp","href":"https:\/\/api.w.org\/{rel}","templated":true}]}}