{"id":447263,"date":"2016-12-06T15:15:25","date_gmt":"2016-12-06T21:15:25","guid":{"rendered":"https:\/\/www.futboltotal.com.mx\/?p=447263"},"modified":"2016-12-06T19:05:39","modified_gmt":"2016-12-07T01:05:39","slug":"la-sequia-goleadora-de-chicharito","status":"publish","type":"post","link":"http:\/\/desarrollo.grupomedios.com\/futbol\/destacado-home\/la-sequia-goleadora-de-chicharito\/2016\/12","title":{"rendered":"La sequ\u00eda goleadora de Chicharito"},"content":{"rendered":"<p>En su segunda temporada con el <strong>Bayer Leverkusen<\/strong>, el mexicano Javier <strong>Chicharito<\/strong> Hern\u00e1ndez acumula 11 partidos a nivel de clubes sin gol. La amnesia es indiscutible e inevitablemente llama la atenci\u00f3n tomando en cuenta que <em>CH7<\/em> acostumbr\u00f3\u00a0el a\u00f1o pasado al Leverkusen a cantar desde la grada y \u00e9l se enfil\u00f3 a vivir su a\u00f1o m\u00e1s goleador por Europa con 26 dianas.<\/p>\n<p>A estas alturas de la campa\u00f1a 2015-16, <strong>Chicharito <\/strong>ya ten\u00eda la etiqueta de l\u00edder anotador con las<em> Aspirinas.\u00a0<\/em>Atesoraba 13 goles totales (siete goles en la Bundesliga, cuatro en Champions League y dos m\u00e1s en la DFB Pokal) en 18 partidos y confirmaba que si algo lo hab\u00eda catalizado era la confianza que hab\u00eda depositado en \u00e9l Roger Schmidt, el entrenador del equipo.<\/p>\n<blockquote><p>&#8220;\u00c9l es \u00fanico en su forma de jugar. Es un tipo especial de jugador, cuyas cualidades podr\u00edan ser no extremadamente destacadas, pero tiene el don de hacer los movimientos correctos, sobre todo cuando se trata de marcar goles&#8221;, cont\u00f3 el estratega a la revista <em>Kicker.<\/em><\/p>\n<p style=\"text-align: center;\"><span style=\"color: #3366ff;\">LEER M\u00c1S: Todas las noticias de mexicanos en Europa\u00a0<\/span><\/p>\n<\/blockquote>\n<p style=\"text-align: left;\">Hoy, el delantero <em>tricolor<\/em><strong>\u00a0<\/strong>est\u00e1 lejos de esos registros. Totaliza siete goles en 19 apariciones. Desde que marc\u00f3 su \u00faltimo gol a nivel de clubes (1 de octubre ante <em>BVB<\/em>) acumula 787 minutos seco en todas las competiciones. En la Bundesliga necesita cuatro disparos al arco para mover las redes y en Champions cinco. Pese a estos registros, el mexicano sigue como el jugador que m\u00e1s dianas ha conseguido en la presente temporada y tiene como escoltas a Hakan Calhanoglu (6), Joel Pohjanpalo (4) y Admir Mehmedi (3).<\/p>\n<p style=\"text-align: left;\">Por esta raz\u00f3n, el entrenador Roger Schmidt no pierde la confianza en el mexicano, incluso despu\u00e9s de que el fin de semana pasado fall\u00f3 un penal ante el Friburgo que pudo dar la victoria del Leverkusen y que \u00e9l reanudara su romance con el gol: &#8220;Chicharito tom\u00f3 una mala decisi\u00f3n, pero tambi\u00e9n hay que admitir que fue una gran atajada del arquero&#8221;, declar\u00f3 el entrenador.<\/p>\n<p style=\"text-align: left;\">En la \u00faltima jornada de fase de grupos de la Champions League (a la que han clasificado a Octavos de Final), el\u00a0Leverkusen enfrentar\u00e1 al M\u00f3naco y <strong>Chicharito<\/strong>\u00a0tendr\u00e1 \u00a0la oportunidad de medirse una vez m\u00e1s al club al que anot\u00f3 su primer y \u00fanico gol en la actual edici\u00f3n del certamen. La afici\u00f3n del Leverkusen puede ilusionarse con volver a cantar un gol de su \u00eddolo.<\/p>\n","protected":false},"excerpt":{"rendered":"<p>Chicharito vuelve a medirse con el M\u00f3naco, club al que anot\u00f3 su \u00fanico gol en la actual Champions.<\/p>\n","protected":false},"author":20,"featured_media":447302,"comment_status":"closed","ping_status":"closed","sticky":false,"template":"","format":"standard","meta":[],"categories":[3841,5,3839],"tags":[4335,120],"_links":{"self":[{"href":"http:\/\/desarrollo.grupomedios.com\/futbol\/wp-json\/wp\/v2\/posts\/447263"}],"collection":[{"href":"http:\/\/desarrollo.grupomedios.com\/futbol\/wp-json\/wp\/v2\/posts"}],"about":[{"href":"http:\/\/desarrollo.grupomedios.com\/futbol\/wp-json\/wp\/v2\/types\/post"}],"author":[{"embeddable":true,"href":"http:\/\/desarrollo.grupomedios.com\/futbol\/wp-json\/wp\/v2\/users\/20"}],"replies":[{"embeddable":true,"href":"http:\/\/desarrollo.grupomedios.com\/futbol\/wp-json\/wp\/v2\/comments?post=447263"}],"version-history":[{"count":0,"href":"http:\/\/desarrollo.grupomedios.com\/futbol\/wp-json\/wp\/v2\/posts\/447263\/revisions"}],"wp:featuredmedia":[{"embeddable":true,"href":"http:\/\/desarrollo.grupomedios.com\/futbol\/wp-json\/wp\/v2\/media\/447302"}],"wp:attachment":[{"href":"http:\/\/desarrollo.grupomedios.com\/futbol\/wp-json\/wp\/v2\/media?parent=447263"}],"wp:term":[{"taxonomy":"category","embeddable":true,"href":"http:\/\/desarrollo.grupomedios.com\/futbol\/wp-json\/wp\/v2\/categories?post=447263"},{"taxonomy":"post_tag","embeddable":true,"href":"http:\/\/desarrollo.grupomedios.com\/futbol\/wp-json\/wp\/v2\/tags?post=447263"}],"curies":[{"name":"wp","href":"https:\/\/api.w.org\/{rel}","templated":true}]}}