{"id":447281,"date":"2016-12-06T14:47:22","date_gmt":"2016-12-06T20:47:22","guid":{"rendered":"https:\/\/www.futboltotal.com.mx\/?p=447281"},"modified":"2016-12-06T14:47:22","modified_gmt":"2016-12-06T20:47:22","slug":"america-necaxa-superan-barcelona-vs-real-madrid","status":"publish","type":"post","link":"http:\/\/desarrollo.grupomedios.com\/futbol\/futbol-mexicano\/america-necaxa-superan-barcelona-vs-real-madrid\/2016\/12","title":{"rendered":"Am\u00e9rica y Necaxa superan el Barcelona vs Real Madrid"},"content":{"rendered":"<p>La batalla en redes sociales cada vez aumenta m\u00e1s y en esta ocasi\u00f3n la sorpresa la dio el duelo entre <strong>Am\u00e9rica\u00a0<\/strong>y <strong>Necaxa<\/strong>, este partido tuvo 3 millones de interacciones en Twitter seg\u00fan informes de Nielesen Social Content Rating. Este encuentro fue el m\u00e1s mencionado por los fan\u00e1ticos el fin de semana superando por el doble de cantidad al Cl\u00e1sico Espa\u00f1ol, que solo cont\u00f3 con 1.5 millones de menciones en dicha red social; la tercer posici\u00f3n fue para el otro juego de Semifinales de la Liga MX con 1.2 millones de menciones.<\/p>\n<blockquote class=\"twitter-tweet\" data-width=\"500\">\n<p lang=\"es\" dir=\"ltr\">Conoce a nuestras 23 \u00c1guilas que emprender\u00e1n el vuelo al Mundial de Clubes <a href=\"https:\/\/twitter.com\/hashtag\/Jap%C3%B3n2016?src=hash\">#Jap\u00f3n2016<\/a> \u27a1<a href=\"https:\/\/t.co\/a1aDtDEhiQ\">https:\/\/t.co\/a1aDtDEhiQ<\/a> <a href=\"https:\/\/t.co\/oOCZx6xsxy\">pic.twitter.com\/oOCZx6xsxy<\/a><\/p>\n<p>&mdash; Club Am\u00e9rica (@ClubAmerica) <a href=\"https:\/\/twitter.com\/ClubAmerica\/status\/805924943347249156\">December 6, 2016<\/a><\/p><\/blockquote>\n<p><script async src=\"\/\/platform.twitter.com\/widgets.js\" charset=\"utf-8\"><\/script><\/p>\n<p style=\"text-align: center;\"><span style=\"color: #3366ff;\"><a style=\"color: #3366ff;\" href=\"https:\/\/www.futboltotal.com.mx\/2016\/12\/moises-munoz-en-la-orbita-del-atlas\/\" target=\"_blank\">LEER M\u00c1S: Mois\u00e9s Mu\u00f1oz, en la \u00f3rbita del Atlas<\/a><\/span><\/p>\n<p>Entre los futbolistas m\u00e1s mencionados se encuentran el franc\u00e9s<strong> Andr\u00e9-Pierre Gignac<\/strong> y <strong>Oribe Peralta<\/strong> con 9 mil 800 tweets y 16 mil respectivamente. Entre los hashtag m\u00e1s usados se encuentran #TigresPorLaQuinta (10 mil 500 tweets), #VamosAm\u00e9rica (8 mil 200) y #JuntosPorLa13 (8 mil 100). De esta forma el enfrentamiento entre Rayos y \u00c1guilas se convirti\u00f3 en lo m\u00e1s viral del fin de semana.<\/p>\n<p>S\u00edguenos en Twitter: <span style=\"color: #3366ff;\"><a style=\"color: #3366ff;\" href=\"https:\/\/twitter.com\/MXFutbolTotal\" target=\"_blank\">@MXFutbolTotal<\/a><\/span><\/p>\n","protected":false},"excerpt":{"rendered":"<p>La semifinal de Liga MX fue la m\u00e1s mencionada en redes sociales<\/p>\n","protected":false},"author":20,"featured_media":447291,"comment_status":"closed","ping_status":"closed","sticky":false,"template":"","format":"standard","meta":[],"categories":[5419,3839,2198,3844,3845],"tags":[5959,5564,5984,261,62,5988],"_links":{"self":[{"href":"http:\/\/desarrollo.grupomedios.com\/futbol\/wp-json\/wp\/v2\/posts\/447281"}],"collection":[{"href":"http:\/\/desarrollo.grupomedios.com\/futbol\/wp-json\/wp\/v2\/posts"}],"about":[{"href":"http:\/\/desarrollo.grupomedios.com\/futbol\/wp-json\/wp\/v2\/types\/post"}],"author":[{"embeddable":true,"href":"http:\/\/desarrollo.grupomedios.com\/futbol\/wp-json\/wp\/v2\/users\/20"}],"replies":[{"embeddable":true,"href":"http:\/\/desarrollo.grupomedios.com\/futbol\/wp-json\/wp\/v2\/comments?post=447281"}],"version-history":[{"count":0,"href":"http:\/\/desarrollo.grupomedios.com\/futbol\/wp-json\/wp\/v2\/posts\/447281\/revisions"}],"wp:featuredmedia":[{"embeddable":true,"href":"http:\/\/desarrollo.grupomedios.com\/futbol\/wp-json\/wp\/v2\/media\/447291"}],"wp:attachment":[{"href":"http:\/\/desarrollo.grupomedios.com\/futbol\/wp-json\/wp\/v2\/media?parent=447281"}],"wp:term":[{"taxonomy":"category","embeddable":true,"href":"http:\/\/desarrollo.grupomedios.com\/futbol\/wp-json\/wp\/v2\/categories?post=447281"},{"taxonomy":"post_tag","embeddable":true,"href":"http:\/\/desarrollo.grupomedios.com\/futbol\/wp-json\/wp\/v2\/tags?post=447281"}],"curies":[{"name":"wp","href":"https:\/\/api.w.org\/{rel}","templated":true}]}}