{"id":447299,"date":"2016-12-06T15:26:04","date_gmt":"2016-12-06T21:26:04","guid":{"rendered":"https:\/\/www.futboltotal.com.mx\/?p=447299"},"modified":"2016-12-06T17:46:36","modified_gmt":"2016-12-06T23:46:36","slug":"walter-gargano-dejar-rayados","status":"publish","type":"post","link":"http:\/\/desarrollo.grupomedios.com\/futbol\/futbol-mexicano\/walter-gargano-dejar-rayados\/2016\/12","title":{"rendered":"Walter Gargano cerca de dejar a Monterrey"},"content":{"rendered":"<p>En las \u00faltimas horas se han dado diferentes rumores sobre la salida del uruguayo <strong>Walter Gargano<\/strong>, luego de que los <strong>Rayados<\/strong> anunciaran la llegada de Jes\u00fas Molina la semana pasada, diversos medios han dado por hecho que el ex del Napoli est\u00e1 en la mira de diversos equipos de la Liga MX y Sudam\u00e9rica.<\/p>\n<p>Seg\u00fan informe de Multimedios el mediocampista de <strong>Monterrey<\/strong> est\u00e1 con un p\u00ede fuera y <strong>Monarcas<\/strong> ya ha hecho una oferta por el jugador, tambi\u00e9n se especula el inter\u00e9s de los Xolos de Tijuana. En el futbol sudamericano tambi\u00e9n es buscado el contenci\u00f3n y <strong>Pe\u00f1arol<\/strong> es de los m\u00e1s interesados por adquirir los servicios del a\u00fan jugador del equipo del Norte.<\/p>\n<blockquote class=\"twitter-tweet\" data-width=\"500\">\n<p lang=\"es\" dir=\"ltr\">Walter <a href=\"https:\/\/twitter.com\/hashtag\/Gargano?src=hash\">#Gargano<\/a> con pie y medio fuera de <a href=\"https:\/\/twitter.com\/hashtag\/Rayados?src=hash\">#Rayados<\/a>.<a href=\"https:\/\/t.co\/4wKpMpNJD7\">https:\/\/t.co\/4wKpMpNJD7<\/a> <a href=\"https:\/\/t.co\/rlHOOsddT3\">pic.twitter.com\/rlHOOsddT3<\/a><\/p>\n<p>&mdash; LA PANDILLA (@LaPandillaMX) <a href=\"https:\/\/twitter.com\/LaPandillaMX\/status\/806228498482221056\">December 6, 2016<\/a><\/p><\/blockquote>\n<p><script async src=\"\/\/platform.twitter.com\/widgets.js\" charset=\"utf-8\"><\/script><\/p>\n<p><em>La Pandilla<\/em>\u00a0cuenta con futbolistas como el ya incorporado\u00a0<strong>Molina<\/strong>, adem\u00e1s de jugadores como <strong>Celso Ort\u00edz<\/strong> y el lesionado<strong> Jes\u00fas Zavala.\u00a0<\/strong><\/p>\n","protected":false},"excerpt":{"rendered":"<p>El mediocampista uruguayo tiene su futuro fuera de los Rayados.<\/p>\n","protected":false},"author":20,"featured_media":447305,"comment_status":"closed","ping_status":"closed","sticky":false,"template":"","format":"standard","meta":[],"categories":[7740,2198,3845,5950],"tags":[4847,5966,5641],"_links":{"self":[{"href":"http:\/\/desarrollo.grupomedios.com\/futbol\/wp-json\/wp\/v2\/posts\/447299"}],"collection":[{"href":"http:\/\/desarrollo.grupomedios.com\/futbol\/wp-json\/wp\/v2\/posts"}],"about":[{"href":"http:\/\/desarrollo.grupomedios.com\/futbol\/wp-json\/wp\/v2\/types\/post"}],"author":[{"embeddable":true,"href":"http:\/\/desarrollo.grupomedios.com\/futbol\/wp-json\/wp\/v2\/users\/20"}],"replies":[{"embeddable":true,"href":"http:\/\/desarrollo.grupomedios.com\/futbol\/wp-json\/wp\/v2\/comments?post=447299"}],"version-history":[{"count":0,"href":"http:\/\/desarrollo.grupomedios.com\/futbol\/wp-json\/wp\/v2\/posts\/447299\/revisions"}],"wp:featuredmedia":[{"embeddable":true,"href":"http:\/\/desarrollo.grupomedios.com\/futbol\/wp-json\/wp\/v2\/media\/447305"}],"wp:attachment":[{"href":"http:\/\/desarrollo.grupomedios.com\/futbol\/wp-json\/wp\/v2\/media?parent=447299"}],"wp:term":[{"taxonomy":"category","embeddable":true,"href":"http:\/\/desarrollo.grupomedios.com\/futbol\/wp-json\/wp\/v2\/categories?post=447299"},{"taxonomy":"post_tag","embeddable":true,"href":"http:\/\/desarrollo.grupomedios.com\/futbol\/wp-json\/wp\/v2\/tags?post=447299"}],"curies":[{"name":"wp","href":"https:\/\/api.w.org\/{rel}","templated":true}]}}