{"id":447304,"date":"2016-12-06T16:09:20","date_gmt":"2016-12-06T22:09:20","guid":{"rendered":"https:\/\/www.futboltotal.com.mx\/?p=447304"},"modified":"2016-12-06T21:53:42","modified_gmt":"2016-12-07T03:53:42","slug":"jimenez-anota-benfica-avanza-a-octavos-champions","status":"publish","type":"post","link":"http:\/\/desarrollo.grupomedios.com\/futbol\/futbol-internacional\/jimenez-anota-benfica-avanza-a-octavos-champions\/2016\/12","title":{"rendered":"Jim\u00e9nez anota y Benfica avanza a Octavos"},"content":{"rendered":"<p>El delantero\u00a0<strong>Ra\u00fal Jim\u00e9nez<\/strong> regres\u00f3 a la senda del gol con el <strong>Benfica<\/strong>, la noche de este martes en Lisboa. El mexicano irrumpi\u00f3 en la \u00faltima jornada de la fase de grupos de la Champions League 2016-17, en un partido en el que las <em>\u00c1guilas <\/em>avanzaron a Octavos de Final pese a caer 1-2 ante el Napoli, y anot\u00f3 su primer tanto en la presente justa y el cuarto con el cuadro luso en competiciones UEFA.<\/p>\n<p><strong>Benfica\u00a0<\/strong>no pudo contener al Napoli, que acab\u00f3 como l\u00edder del Grupo B con 11 puntos, y mostr\u00f3 m\u00fasculo en la parte complementaria con un par de jugadas de primer nivel que acabaron reflejadas en el marcador por Jos\u00e9 Mar\u00eda Callej\u00f3n (60&#8217;9 y Dries Mertens (79&#8242;). El cuadro luso acab\u00f3 hecho un manojo de nervios y avanz\u00f3 de ronda despu\u00e9s de que el Dynamo Kiev le propinara una goleada monumental 6-0 al Besiktas.<\/p>\n<p style=\"text-align: center;\"><span style=\"color: #3366ff;\">LEER M\u00c1S: Todas las noticias de Champions League\u00a0<\/span><\/p>\n<p><iframe loading=\"lazy\" src=\"https:\/\/www.youtube.com\/embed\/8z3nrjINKUw\" frameborder=\"0\" allowfullscreen=\"allowfullscreen\"><\/iframe><\/p>\n<p><strong>Benfica<\/strong> adoleci\u00f3 de punter\u00eda frente al marco rival. Acab\u00f3 con 13 tiros al marco y Ra\u00fal Jim\u00e9nez, quien por primera vez fue titular en el curso, fue el jugador con m\u00e1s tiros al marco (5) en el partido. Dos de ellos fueron fuera desviados de la porter\u00eda de Pepe Reina, uno m\u00e1s acab\u00f3 detenido, otro bloqueado y el \u00faltimo en el gol que aminor\u00f3 la derrota lisboeta.<\/p>\n<p>Cuando faltaban tres minutos para que concluyera el partido, <strong>Jim\u00e9nez<\/strong> apret\u00f3 en la salida al central Elseid Hysalj, logr\u00f3 robarle el esf\u00e9rico en tres cuartos de campo y, en cuanto lo tuvo, se enfil\u00f3 al \u00e1rea para jalara del gatillo y mover las redes decretando el 1-2 definitivo. En el banquillo el DT Rui Vitoria celebr\u00f3 el gol pese a que no tuvo mayor injerencia en el marcador. El mexicano cumpli\u00f3 y hasta ahora lleva 5 goles en 467 minutos disputados.<\/p>\n<p><strong>Benfica\u00a0<\/strong>avanz\u00f3 a Octavos de Final como segundo lugar del Grupo B, con un total de ocho puntos, solo uno m\u00e1s que el Besiktas, relegado a la Europa League tras sufrir una estridente derrota 6-0. El Napoli hizo lo propio en calidad de cabeza de serie y el cuadro ucraniano simplemente dijo adi\u00f3s a la justa.<\/p>\n<p>&nbsp;<\/p>\n","protected":false},"excerpt":{"rendered":"<p>El mexicano anota su primer gol en la presente UCL ante el Napoli.<\/p>\n","protected":false},"author":20,"featured_media":447318,"comment_status":"closed","ping_status":"closed","sticky":false,"template":"","format":"standard","meta":[],"categories":[3841,3839,5951],"tags":[6060,36,160,742],"_links":{"self":[{"href":"http:\/\/desarrollo.grupomedios.com\/futbol\/wp-json\/wp\/v2\/posts\/447304"}],"collection":[{"href":"http:\/\/desarrollo.grupomedios.com\/futbol\/wp-json\/wp\/v2\/posts"}],"about":[{"href":"http:\/\/desarrollo.grupomedios.com\/futbol\/wp-json\/wp\/v2\/types\/post"}],"author":[{"embeddable":true,"href":"http:\/\/desarrollo.grupomedios.com\/futbol\/wp-json\/wp\/v2\/users\/20"}],"replies":[{"embeddable":true,"href":"http:\/\/desarrollo.grupomedios.com\/futbol\/wp-json\/wp\/v2\/comments?post=447304"}],"version-history":[{"count":0,"href":"http:\/\/desarrollo.grupomedios.com\/futbol\/wp-json\/wp\/v2\/posts\/447304\/revisions"}],"wp:featuredmedia":[{"embeddable":true,"href":"http:\/\/desarrollo.grupomedios.com\/futbol\/wp-json\/wp\/v2\/media\/447318"}],"wp:attachment":[{"href":"http:\/\/desarrollo.grupomedios.com\/futbol\/wp-json\/wp\/v2\/media?parent=447304"}],"wp:term":[{"taxonomy":"category","embeddable":true,"href":"http:\/\/desarrollo.grupomedios.com\/futbol\/wp-json\/wp\/v2\/categories?post=447304"},{"taxonomy":"post_tag","embeddable":true,"href":"http:\/\/desarrollo.grupomedios.com\/futbol\/wp-json\/wp\/v2\/tags?post=447304"}],"curies":[{"name":"wp","href":"https:\/\/api.w.org\/{rel}","templated":true}]}}