{"id":447312,"date":"2016-12-06T18:15:07","date_gmt":"2016-12-07T00:15:07","guid":{"rendered":"https:\/\/www.futboltotal.com.mx\/?p=447312"},"modified":"2016-12-07T11:28:11","modified_gmt":"2016-12-07T17:28:11","slug":"talavera-visita-instalaciones-chivas","status":"publish","type":"post","link":"http:\/\/desarrollo.grupomedios.com\/futbol\/futbol-mexicano\/talavera-visita-instalaciones-chivas\/2016\/12","title":{"rendered":"\u00bfTalavera de visita en las instalaciones de Chivas?"},"content":{"rendered":"<p>El inter\u00e9s por <strong>Alfredo Talavera<\/strong> se ha vuelto a presentar en el cuadro rojiblanco, luego de que el futbolista visitara Verde Valle el pasado domingo y fuera captado por algunos jugadores de las Fuerzas B\u00e1sicas. <strong>Jos\u00e9 Luis Higuera<\/strong> y <strong>Jorge Vergara<\/strong> estar\u00edan dispuesto a regresar al portero de la Selecci\u00f3n Nacional en el pr\u00f3ximo mes de junio cuando termine el pr\u00e9stamo de <strong>Rodolfo Cota<\/strong>.<\/p>\n<p>Fuentes cercanas a Pachuca, aseguran que Cota regresar\u00eda para el Apertura 2017, que es la fecha tentativa para el retiro de <strong>\u00d3scar P\u00e9rez<\/strong>, es entonces cuando <strong>Chivas<\/strong> pujar\u00eda por el cancerbero de los Diablos Rojos.<\/p>\n<blockquote class=\"twitter-tweet\" data-width=\"500\">\n<p lang=\"es\" dir=\"ltr\">Alfredo Talavera estuvo en Verde Valle no sabemos bien el motivo por el cual estuvo ah\u00ed. <a href=\"https:\/\/t.co\/CllH7UVlUP\">pic.twitter.com\/CllH7UVlUP<\/a><\/p>\n<p>&mdash; LOS ROJIBLANCOS (@Rojiblancos_los) <a href=\"https:\/\/twitter.com\/Rojiblancos_los\/status\/805466026599063552\">December 4, 2016<\/a><\/p><\/blockquote>\n<p><script async src=\"\/\/platform.twitter.com\/widgets.js\" charset=\"utf-8\"><\/script><\/p>\n<p><em>Tala<\/em>, conoce a la perfecci\u00f3n al Reba\u00f1o Sagrado, equipo con el que debut\u00f3 en 2003 y con el que ya fue campe\u00f3n en 2006 ante su actual equipo. El portero estuvo 5 a\u00f1os y de ah\u00ed emigro al Norte con Tigres, para despu\u00e9s terminar con Toluca desde el 2009 a la fecha y ahora m\u00e1s que nunca se espera su regreso.<\/p>\n","protected":false},"excerpt":{"rendered":"<p>El portero visit\u00f3 a su ex equipo<\/p>\n","protected":false},"author":20,"featured_media":447315,"comment_status":"closed","ping_status":"closed","sticky":false,"template":"","format":"standard","meta":[],"categories":[7740,2198,3845,5950],"tags":[1617,70,5975],"_links":{"self":[{"href":"http:\/\/desarrollo.grupomedios.com\/futbol\/wp-json\/wp\/v2\/posts\/447312"}],"collection":[{"href":"http:\/\/desarrollo.grupomedios.com\/futbol\/wp-json\/wp\/v2\/posts"}],"about":[{"href":"http:\/\/desarrollo.grupomedios.com\/futbol\/wp-json\/wp\/v2\/types\/post"}],"author":[{"embeddable":true,"href":"http:\/\/desarrollo.grupomedios.com\/futbol\/wp-json\/wp\/v2\/users\/20"}],"replies":[{"embeddable":true,"href":"http:\/\/desarrollo.grupomedios.com\/futbol\/wp-json\/wp\/v2\/comments?post=447312"}],"version-history":[{"count":0,"href":"http:\/\/desarrollo.grupomedios.com\/futbol\/wp-json\/wp\/v2\/posts\/447312\/revisions"}],"wp:featuredmedia":[{"embeddable":true,"href":"http:\/\/desarrollo.grupomedios.com\/futbol\/wp-json\/wp\/v2\/media\/447315"}],"wp:attachment":[{"href":"http:\/\/desarrollo.grupomedios.com\/futbol\/wp-json\/wp\/v2\/media?parent=447312"}],"wp:term":[{"taxonomy":"category","embeddable":true,"href":"http:\/\/desarrollo.grupomedios.com\/futbol\/wp-json\/wp\/v2\/categories?post=447312"},{"taxonomy":"post_tag","embeddable":true,"href":"http:\/\/desarrollo.grupomedios.com\/futbol\/wp-json\/wp\/v2\/tags?post=447312"}],"curies":[{"name":"wp","href":"https:\/\/api.w.org\/{rel}","templated":true}]}}