{"id":447317,"date":"2016-12-06T16:27:08","date_gmt":"2016-12-06T22:27:08","guid":{"rendered":"https:\/\/www.futboltotal.com.mx\/?p=447317"},"modified":"2016-12-07T10:35:56","modified_gmt":"2016-12-07T16:35:56","slug":"torrado-quiere-dirigir-a-cruz-azul","status":"publish","type":"post","link":"http:\/\/desarrollo.grupomedios.com\/futbol\/futbol-mexicano\/torrado-quiere-dirigir-a-cruz-azul\/2016\/12","title":{"rendered":"Torrado quiere dirigir a Cruz Azul"},"content":{"rendered":"<p>Unas horas despu\u00e9s de la presentaci\u00f3n de <strong>Paco J\u00e9mez<\/strong> como nuevo<strong> Director T\u00e9cnico<\/strong> de la M\u00e1quina, <strong>Gerardo Torrado<\/strong> ha mandado un video a su cuenta de Twitter en donde informa a todos sus seguidores que le gustar\u00eda dirigir al equipo capitalino.<\/p>\n<p>&#8220;S\u00ed, porque <strong>Cruz Azul<\/strong> fue una instituci\u00f3n que me abri\u00f3 las puertas en una etapa muy importante de mi carrera, me hizo crecer como persona y me hizo crecer como futbolista&#8221;, declara Gerardo, en su cuenta personal.<\/p>\n<p style=\"text-align: center;\"><span style=\"color: #3366ff;\">LEER M\u00c1S: <a style=\"color: #3366ff;\" href=\"https:\/\/www.futboltotal.com.mx\/2016\/12\/pido-paciencia-pido-exigencia-paco-jemez\/\" target=\"_blank\">\u201cNo pido paciencia, pido exigencia\u201d: Paco J\u00e9mez<\/a><\/span><\/p>\n<p>El ex jugador de la <strong>M\u00e1quina<\/strong> aclara que se seguir\u00e1 preparando para ser un mejor futbolista, mejor persona, un gran directivo y excelente entrenador. El Borrego ya ilusiona a la afici\u00f3n celeste, que no se hicieron esperar para mostrarle su apoyo.<\/p>\n<p>&#8220;Para cuando esta oportunidad llegue, pueda estar mejor preparado que la \u00faltima vez que estuve ah\u00ed&#8221;, concluy\u00f3 Torrado.<\/p>\n<blockquote class=\"twitter-tweet\" data-width=\"500\">\n<p lang=\"es\" dir=\"ltr\">\u00bf DT del Cruz Azul? &#8230; <a href=\"https:\/\/t.co\/AtNiviG6Zw\">pic.twitter.com\/AtNiviG6Zw<\/a><\/p>\n<p>&mdash; Gerardo Torrado (@gerardotorrado6) <a href=\"https:\/\/twitter.com\/gerardotorrado6\/status\/806229884737560576\">December 6, 2016<\/a><\/p><\/blockquote>\n<p><script async src=\"\/\/platform.twitter.com\/widgets.js\" charset=\"utf-8\"><\/script><\/p>\n","protected":false},"excerpt":{"rendered":"<p>El &#8216;Borrego&#8217; se seguir\u00e1 preparando para ser director t\u00e9cnico o directivo.<\/p>\n","protected":false},"author":20,"featured_media":447328,"comment_status":"closed","ping_status":"closed","sticky":false,"template":"","format":"standard","meta":[],"categories":[2198,3845,5950],"tags":[5962,7198,379],"_links":{"self":[{"href":"http:\/\/desarrollo.grupomedios.com\/futbol\/wp-json\/wp\/v2\/posts\/447317"}],"collection":[{"href":"http:\/\/desarrollo.grupomedios.com\/futbol\/wp-json\/wp\/v2\/posts"}],"about":[{"href":"http:\/\/desarrollo.grupomedios.com\/futbol\/wp-json\/wp\/v2\/types\/post"}],"author":[{"embeddable":true,"href":"http:\/\/desarrollo.grupomedios.com\/futbol\/wp-json\/wp\/v2\/users\/20"}],"replies":[{"embeddable":true,"href":"http:\/\/desarrollo.grupomedios.com\/futbol\/wp-json\/wp\/v2\/comments?post=447317"}],"version-history":[{"count":0,"href":"http:\/\/desarrollo.grupomedios.com\/futbol\/wp-json\/wp\/v2\/posts\/447317\/revisions"}],"wp:featuredmedia":[{"embeddable":true,"href":"http:\/\/desarrollo.grupomedios.com\/futbol\/wp-json\/wp\/v2\/media\/447328"}],"wp:attachment":[{"href":"http:\/\/desarrollo.grupomedios.com\/futbol\/wp-json\/wp\/v2\/media?parent=447317"}],"wp:term":[{"taxonomy":"category","embeddable":true,"href":"http:\/\/desarrollo.grupomedios.com\/futbol\/wp-json\/wp\/v2\/categories?post=447317"},{"taxonomy":"post_tag","embeddable":true,"href":"http:\/\/desarrollo.grupomedios.com\/futbol\/wp-json\/wp\/v2\/tags?post=447317"}],"curies":[{"name":"wp","href":"https:\/\/api.w.org\/{rel}","templated":true}]}}