{"id":447345,"date":"2016-12-06T17:40:13","date_gmt":"2016-12-06T23:40:13","guid":{"rendered":"https:\/\/www.futboltotal.com.mx\/?p=447345"},"modified":"2016-12-07T10:35:21","modified_gmt":"2016-12-07T16:35:21","slug":"new-york-cosmos-se-declara-en-bancarrota","status":"publish","type":"post","link":"http:\/\/desarrollo.grupomedios.com\/futbol\/futbol-internacional\/new-york-cosmos-se-declara-en-bancarrota\/2016\/12","title":{"rendered":"New York Cosmos se declara en bancarrota"},"content":{"rendered":"<p>El hist\u00f3rico equipo de Estados Unidos,<strong> New York Cosmos<\/strong>, se ha declarado en bancarrota; se espera el anuncio oficial por parte de la instituci\u00f3n, pero se informa que ya han suspendido sus operaciones e incluso han retirado los contratos de los jugadores.<\/p>\n<p>A los futbolistas se les pag\u00f3 el mes de noviembre y su bono navide\u00f1o, pero no se les pudo otorgar el pago de diciembre, as\u00ed lo informaron integrantes que han quedado libres.<\/p>\n<p style=\"text-align: center;\"><span style=\"color: #3366ff;\"><a style=\"color: #3366ff;\" href=\"https:\/\/www.futboltotal.com.mx\/2016\/12\/talavera-visita-instalaciones-chivas\/\" target=\"_blank\">LEER M\u00c1S: \u00bfTalavera de visita en las instalaciones de Chivas?<\/a><\/span><\/p>\n<p>Se comunic\u00f3 que desde el 2013, el club ha perdido 30 millones de d\u00f3lares despu\u00e9s de haber ingresado a la <strong>NASL<\/strong>. El &#8220;Empire of Soccer&#8221;, se\u00f1ala\u00a0que el actual due\u00f1o del equipo Seamus O\u00b4Brien, est\u00e1 buscando inversores que se hagan cargo del club.<\/p>\n<p>El conjunto neoyorquino es de los m\u00e1s hist\u00f3ricos del futbol norteamericano, jugadores de talla internacional vistieron esa camiseta entre los que se encuentran Pel\u00e9, Beckenbauer, Carlos Alberto, Marcos Senna y Ra\u00fal Gonz\u00e1lez, los dos \u00faltimos campeones en 2015 con el cuadro de Nueva York.<\/p>\n<p>Cosmos tiene 7 t\u00edtulos en su historia y en la actualidad contaba con Juan Arango, ex jugador de Tijuana y que hab\u00eda llegado la presente temporada para reforzar al equipo.<\/p>\n<p>&nbsp;<\/p>\n","protected":false},"excerpt":{"rendered":"<p>El equipo hist\u00f3rico cancel\u00f3 los contratos de sus futbolistas.<\/p>\n","protected":false},"author":20,"featured_media":447359,"comment_status":"closed","ping_status":"closed","sticky":false,"template":"","format":"standard","meta":[],"categories":[3839,7580,5951],"tags":[6286],"_links":{"self":[{"href":"http:\/\/desarrollo.grupomedios.com\/futbol\/wp-json\/wp\/v2\/posts\/447345"}],"collection":[{"href":"http:\/\/desarrollo.grupomedios.com\/futbol\/wp-json\/wp\/v2\/posts"}],"about":[{"href":"http:\/\/desarrollo.grupomedios.com\/futbol\/wp-json\/wp\/v2\/types\/post"}],"author":[{"embeddable":true,"href":"http:\/\/desarrollo.grupomedios.com\/futbol\/wp-json\/wp\/v2\/users\/20"}],"replies":[{"embeddable":true,"href":"http:\/\/desarrollo.grupomedios.com\/futbol\/wp-json\/wp\/v2\/comments?post=447345"}],"version-history":[{"count":0,"href":"http:\/\/desarrollo.grupomedios.com\/futbol\/wp-json\/wp\/v2\/posts\/447345\/revisions"}],"wp:featuredmedia":[{"embeddable":true,"href":"http:\/\/desarrollo.grupomedios.com\/futbol\/wp-json\/wp\/v2\/media\/447359"}],"wp:attachment":[{"href":"http:\/\/desarrollo.grupomedios.com\/futbol\/wp-json\/wp\/v2\/media?parent=447345"}],"wp:term":[{"taxonomy":"category","embeddable":true,"href":"http:\/\/desarrollo.grupomedios.com\/futbol\/wp-json\/wp\/v2\/categories?post=447345"},{"taxonomy":"post_tag","embeddable":true,"href":"http:\/\/desarrollo.grupomedios.com\/futbol\/wp-json\/wp\/v2\/tags?post=447345"}],"curies":[{"name":"wp","href":"https:\/\/api.w.org\/{rel}","templated":true}]}}