{"id":447368,"date":"2016-12-06T18:23:57","date_gmt":"2016-12-07T00:23:57","guid":{"rendered":"https:\/\/www.futboltotal.com.mx\/?p=447368"},"modified":"2016-12-07T10:35:12","modified_gmt":"2016-12-07T16:35:12","slug":"termina-la-aventura-del-churpias-en-america","status":"publish","type":"post","link":"http:\/\/desarrollo.grupomedios.com\/futbol\/futbol-mexicano\/termina-la-aventura-del-churpias-en-america\/2016\/12","title":{"rendered":"Termina la aventura del &#8220;Churpias&#8221; en Am\u00e9rica"},"content":{"rendered":"<p><strong>Am\u00e9rica<\/strong> sigue dejando ir a sus jugadores en medio de una final de Liga MX y un Mundial de Clubes. En esta ocasi\u00f3n <strong>Jes\u00fas Moreno<\/strong> ha dejado de ser delantero de los azulcremas, para incorporarse a la Jaiba Brava del Tampico Madero.<\/p>\n<p style=\"text-align: center;\"><span style=\"color: #3366ff;\"><a style=\"color: #3366ff;\" href=\"https:\/\/www.futboltotal.com.mx\/2016\/12\/tigres-vs-america-la-tercera-final-sera-la-vencida\/\" target=\"_blank\">LEER M\u00c1S: Tigres vs. Am\u00e9rica, \u00bfla tercera Final ser\u00e1 la vencida?<\/a><\/span><\/p>\n<p><em>El Churpias,<\/em> lleg\u00f3 en 2015 al cuadro de las \u00c1guilas, con qui\u00e9n hizo su primer gol en primera divisi\u00f3n y \u00fanico en su estancia con los de Coapa. Moreno, no termin\u00f3 por encajar en Am\u00e9rica, despu\u00e9s de haber destacado en liga de <strong>Ascenso<\/strong> con los<strong> Alebrijes de Oaxaca.\u00a0<\/strong><\/p>\n<p>&nbsp;<\/p>\n<blockquote class=\"twitter-tweet\" data-lang=\"es\">\n<p dir=\"ltr\" lang=\"es\">Le damos la bienvenida a Jes\u00fas Moreno. \u26bd Oficialmente, &#8220;Churpias&#8221; es el nuevo delantero del TM F\u00fatbol Club. \u2122 <a href=\"https:\/\/twitter.com\/hashtag\/Tampico?src=hash\">#Tampico<\/a> <a href=\"https:\/\/twitter.com\/hashtag\/Madero?src=hash\">#Madero<\/a> <a href=\"https:\/\/t.co\/csMJOiZ0iu\">pic.twitter.com\/csMJOiZ0iu<\/a><\/p>\n<p>\u2014 TM F\u00fatbol Club (@TMFCOficial) <a href=\"https:\/\/twitter.com\/TMFCOficial\/status\/806270524963704832\">6 de diciembre de 2016<\/a><\/p><\/blockquote>\n<p><script async src=\"\/\/platform.twitter.com\/widgets.js\" charset=\"utf-8\"><\/script><\/p>\n<p><strong>Tampico Madero<\/strong> disputar\u00e1 su segundo torneo en la divisi\u00f3n de plata y busca hacer la mejor de sus actuaciones con este nuevo refuerzo y ganarse el coraz\u00f3n de la afici\u00f3n como lo hicieron en Segunda Divisi\u00f3n.<\/p>\n<p><span style=\"color: #3366ff;\"><a style=\"color: #3366ff;\" href=\"https:\/\/twitter.com\/MXFutbolTotal\">S\u00edguenos en Twitter: @MXFutbolTotal<\/a><\/span><\/p>\n","protected":false},"excerpt":{"rendered":"<p>Jes\u00fas Moreno es nuevo refuerzo de la Jaiba Brava del Tampico Madero.<\/p>\n","protected":false},"author":20,"featured_media":447374,"comment_status":"closed","ping_status":"closed","sticky":false,"template":"","format":"standard","meta":[],"categories":[3843,7740,2198,3845,5950],"tags":[5959,6833,5365,7076],"_links":{"self":[{"href":"http:\/\/desarrollo.grupomedios.com\/futbol\/wp-json\/wp\/v2\/posts\/447368"}],"collection":[{"href":"http:\/\/desarrollo.grupomedios.com\/futbol\/wp-json\/wp\/v2\/posts"}],"about":[{"href":"http:\/\/desarrollo.grupomedios.com\/futbol\/wp-json\/wp\/v2\/types\/post"}],"author":[{"embeddable":true,"href":"http:\/\/desarrollo.grupomedios.com\/futbol\/wp-json\/wp\/v2\/users\/20"}],"replies":[{"embeddable":true,"href":"http:\/\/desarrollo.grupomedios.com\/futbol\/wp-json\/wp\/v2\/comments?post=447368"}],"version-history":[{"count":0,"href":"http:\/\/desarrollo.grupomedios.com\/futbol\/wp-json\/wp\/v2\/posts\/447368\/revisions"}],"wp:featuredmedia":[{"embeddable":true,"href":"http:\/\/desarrollo.grupomedios.com\/futbol\/wp-json\/wp\/v2\/media\/447374"}],"wp:attachment":[{"href":"http:\/\/desarrollo.grupomedios.com\/futbol\/wp-json\/wp\/v2\/media?parent=447368"}],"wp:term":[{"taxonomy":"category","embeddable":true,"href":"http:\/\/desarrollo.grupomedios.com\/futbol\/wp-json\/wp\/v2\/categories?post=447368"},{"taxonomy":"post_tag","embeddable":true,"href":"http:\/\/desarrollo.grupomedios.com\/futbol\/wp-json\/wp\/v2\/tags?post=447368"}],"curies":[{"name":"wp","href":"https:\/\/api.w.org\/{rel}","templated":true}]}}