{"id":447388,"date":"2016-12-06T19:13:41","date_gmt":"2016-12-07T01:13:41","guid":{"rendered":"https:\/\/www.futboltotal.com.mx\/?p=447388"},"modified":"2016-12-06T19:13:41","modified_gmt":"2016-12-07T01:13:41","slug":"portero-besiktas-llora-tras-goleado","status":"publish","type":"post","link":"http:\/\/desarrollo.grupomedios.com\/futbol\/videos\/portero-besiktas-llora-tras-goleado\/2016\/12","title":{"rendered":"Portero de Besiktas llora tras de ser goleado"},"content":{"rendered":"<p><strong>Besiktas<\/strong> se jugaba su pase a Octavos de Final de la Champions ante el <strong>Dinamo de Kiev<\/strong>, equipo que ya hab\u00eda quedado eliminado de dicha fase. El cuadro de Turqu\u00eda cay\u00f3 de forma humillante 6-0. El actual campe\u00f3n de la Superliga Turca se tendr\u00e1 que conformar con jugar Europa League.<\/p>\n<p style=\"text-align: center;\"><span style=\"color: #3366ff;\"><a style=\"color: #3366ff;\" href=\"https:\/\/www.futboltotal.com.mx\/2016\/12\/jimenez-anota-benfica-avanza-a-octavos-champions\/\" target=\"_blank\">LEER M\u00c1S: Jim\u00e9nez anota y Benfica avanza a Octavos<\/a><\/span><\/p>\n<p>Uno de los momentos m\u00e1s emotivos del encuentro se lo llevo el portero Fabricio, quien no pudo contener las lagrimas tras recibir el cuarto gol antes de irse al descanso Este gol liquidaba a su equipo y lo dejaba sin posibilidades de avanzar a la ronda de los 16 mejores.<\/p>\n<p><iframe loading=\"lazy\" src=\"https:\/\/www.youtube.com\/embed\/7Eo3QGymz2A?feature=oembed\" frameborder=\"0\" allowfullscreen><\/iframe><\/p>\n<p><span style=\"color: #3366ff;\"><a style=\"color: #3366ff;\" href=\"https:\/\/twitter.com\/MXFutbolTotal\">S\u00edguenos en: @MXFutbolTotal<\/a><\/span><\/p>\n","protected":false},"excerpt":{"rendered":"<p>El arquero no contuvo las lagrimas. <\/p>\n","protected":false},"author":20,"featured_media":447396,"comment_status":"closed","ping_status":"closed","sticky":false,"template":"","format":"standard","meta":[],"categories":[3841,3839,4,6433],"tags":[5773,36],"_links":{"self":[{"href":"http:\/\/desarrollo.grupomedios.com\/futbol\/wp-json\/wp\/v2\/posts\/447388"}],"collection":[{"href":"http:\/\/desarrollo.grupomedios.com\/futbol\/wp-json\/wp\/v2\/posts"}],"about":[{"href":"http:\/\/desarrollo.grupomedios.com\/futbol\/wp-json\/wp\/v2\/types\/post"}],"author":[{"embeddable":true,"href":"http:\/\/desarrollo.grupomedios.com\/futbol\/wp-json\/wp\/v2\/users\/20"}],"replies":[{"embeddable":true,"href":"http:\/\/desarrollo.grupomedios.com\/futbol\/wp-json\/wp\/v2\/comments?post=447388"}],"version-history":[{"count":0,"href":"http:\/\/desarrollo.grupomedios.com\/futbol\/wp-json\/wp\/v2\/posts\/447388\/revisions"}],"wp:featuredmedia":[{"embeddable":true,"href":"http:\/\/desarrollo.grupomedios.com\/futbol\/wp-json\/wp\/v2\/media\/447396"}],"wp:attachment":[{"href":"http:\/\/desarrollo.grupomedios.com\/futbol\/wp-json\/wp\/v2\/media?parent=447388"}],"wp:term":[{"taxonomy":"category","embeddable":true,"href":"http:\/\/desarrollo.grupomedios.com\/futbol\/wp-json\/wp\/v2\/categories?post=447388"},{"taxonomy":"post_tag","embeddable":true,"href":"http:\/\/desarrollo.grupomedios.com\/futbol\/wp-json\/wp\/v2\/tags?post=447388"}],"curies":[{"name":"wp","href":"https:\/\/api.w.org\/{rel}","templated":true}]}}