{"id":447439,"date":"2016-12-07T12:45:55","date_gmt":"2016-12-07T18:45:55","guid":{"rendered":"https:\/\/www.futboltotal.com.mx\/?p=447439"},"modified":"2016-12-07T16:08:47","modified_gmt":"2016-12-07T22:08:47","slug":"en-vivo-bayer-leverkusen-vs-monaco-champions-league","status":"publish","type":"post","link":"http:\/\/desarrollo.grupomedios.com\/futbol\/futbol-internacional\/en-vivo-bayer-leverkusen-vs-monaco-champions-league\/2016\/12","title":{"rendered":"AS\u00cd SE VIVI\u00d3 | Bayer Leverkusen 3-0 M\u00f3naco | Champions League"},"content":{"rendered":"<p><span style=\"color: #ff0000;\">93:00<\/span> | \u00a1Gracias por habernos acompa\u00f1ado! Nos leemos en el pr\u00f3ximo partido. Sigan las reacciones por Futboltotal.com. \u00a1Hasta la pr\u00f3xima!<\/p>\n<p><span style=\"color: #ff0000;\">93:00<\/span> | Chicharito tuvo tres ocasiones claras de gol y se qued\u00f3 con ganas de mover la red. Ahora acumula una racha de 12 duelos con el Bayern sin anotar.<\/p>\n<p><span style=\"color: #ff0000;\">93:00<\/span> | \u00a1Se acab\u00f3 el partido! El Bayer Leverkusen golea y reafirma su pase a Octavos de Final como segundo lugar del Grupo E. M\u00f3naco avabnza como l\u00edder y ambos conocer\u00f1\u00e1n su futuro el pr\u00f3ximo lunes 12 de diciembre en el sorteo que tendr\u00f1a lugar en Nyon.<\/p>\n<blockquote class=\"twitter-tweet\" data-lang=\"es\">\n<p dir=\"ltr\" lang=\"de\">Abpfiff!<a href=\"https:\/\/twitter.com\/hashtag\/Bayer04?src=hash\">#Bayer04<\/a> beendet die Gruppenphase mit einem \u00fcberzeugenden Heimsieg! &#x1f4aa;<\/p>\n<p>Jetzt richten sich alle Blicke auf die Achtelfinalauslosung. <a href=\"https:\/\/t.co\/Nut0isbpGy\">pic.twitter.com\/Nut0isbpGy<\/a><\/p>\n<p>\u2014 Bayer 04 Leverkusen (@bayer04fussball) <a href=\"https:\/\/twitter.com\/bayer04fussball\/status\/806613934186909698\">7 de diciembre de 2016<\/a><\/p><\/blockquote>\n<p><script async src=\"\/\/platform.twitter.com\/widgets.js\" charset=\"utf-8\"><\/script><\/p>\n<p><span style=\"color: #ff0000;\">90:00<\/span> | \u00a1Se agregan tres minutos!<\/p>\n<p><span style=\"color: #ff0000;\">90:00<\/span> | \u00a1Zapatazo del Chicharito Hern\u00e1ndez! El mexicano se anima y jala del gatillo fuera del \u00e1rea, pero el esf\u00e9rico pasa desviado del palo derecho del arquero franc\u00e9s.<\/p>\n<p><span style=\"color: #ff0000;\">82:00<\/span> | Cobra con potencia Wendell y el bal\u00f3n se estrella en el larguero y acaba entrando tras pegar en la espalda del arquero De Sanctis.<\/p>\n<p><span style=\"color: #ff0000;\">81:00<\/span> | \u00a1Goooooooooooooooooooool del Leverkusen!<\/p>\n<p><span style=\"color: #ff0000;\">80:00<\/span> | Penal! Penal! Kruse cae en el \u00e1rea y el \u00e1rbitro no duda en pitarlo. Esta vez no lo cobrar\u00e1 Chicharito y es Wendell el que toma el bal\u00f3n.<\/p>\n<p><span style=\"color: #ff0000;\">79:00<\/span> | \u00daltimo CAMBIO del M\u00f3naco: Se marcha Carrillo y entra Lemar.<\/p>\n<p><span style=\"color: #ff0000;\">78:00<\/span> | Chicharito le pone un gran trazo a Da Costa, pero este no consigue erematar a segundo poste.<\/p>\n<p><span style=\"color: #ff0000;\">75:00<\/span> | CAMBIO del M\u00f3naco: Sale Gean e ingresa Germain.<\/p>\n<p><span style=\"color: #ff0000;\">73:00<\/span> | Chicharito queda como \u00fanico centro delantero y Kiessling est\u00e1 como media punta. El M\u00f3naco hace doble marcaci\u00f3n al mexicano. \u00bfPodr\u00e1 romper su sequ\u00eda de 11 duelos sin gol?<\/p>\n<p><span style=\"color: #ff0000;\">70:00<\/span> | CAMBIO del Leverkusen: Se va Brandt y entra Kruse.<\/p>\n<p><span style=\"color: #ff0000;\">66:00<\/span> | CAMBIO del Leverkusen: Entra Araguiz y se va Calhanoglu.<\/p>\n<p><span style=\"color: #ff0000;\">66:00<\/span> | CAMBIO del M\u00f3naco: Entra Traor\u00e9 y sale Boschilia.<\/p>\n<p><span style=\"color: #ff0000;\">64:00<\/span> | Wendell se quema una buena ocasi\u00f3n con un disparo fuera del \u00e1rea que pasa desviado del marco de De Sanctis.<\/p>\n<p><span style=\"color: #ff0000;\">63:00<\/span> | Leverkusen consigue c\u00f3rner por la punta derecha. Chicharito rompe marca y el M\u00f3naco revienta a primer poste.<\/p>\n<p><span style=\"color: #ff0000;\">57:00<\/span> | Palo! Palo! Palo! El M\u00f3naco arm\u00f3 una contra buen\u00edsima por la banda izquierda y Jean remat\u00f3 de primera justo a la base del poste derecho.<\/p>\n<p><span style=\"color: #ff0000;\">54:00<\/span> | Complicado inicio para Chicharito. No ha tenido balones para rematar y el \u00fanico que le pusieron acaba reventado por la defensa del M\u00f3naco.<\/p>\n<p><span style=\"color: #ff0000;\">50:00<\/span> | M\u00f3naco pierde el bal\u00f3n en la salida, <span class=\"squad--player-name\">Baumgartlinger recupera, pasa a Brandt y este para Calhanoglu, que tira un regate y le devuleve el bal\u00f3n; el remate del alem\u00e1n acab\u00f3 en la escuadra derecha de De Sanctis.<\/span><\/p>\n<blockquote class=\"twitter-tweet\" data-lang=\"es\">\n<p dir=\"ltr\" lang=\"de\">48.<br \/>\nTOOOOOOOOR &#8211; 2:0!<br \/>\nJulian <a href=\"https:\/\/twitter.com\/hashtag\/Brandt?src=hash\">#Brandt<\/a> knipst nach Vorlage von <a href=\"https:\/\/twitter.com\/hakanc10\">@hakanc10<\/a>. \u00dcberragend, Jungs!<a href=\"https:\/\/twitter.com\/hashtag\/B04ASM?src=hash\">#B04ASM<\/a> 2:0 <a href=\"https:\/\/t.co\/J5pydXR624\">pic.twitter.com\/J5pydXR624<\/a><\/p>\n<p>\u2014 Bayer 04 Leverkusen (@bayer04fussball) <a href=\"https:\/\/twitter.com\/bayer04fussball\/status\/806602839938269184\">7 de diciembre de 2016<\/a><\/p><\/blockquote>\n<p><script async src=\"\/\/platform.twitter.com\/widgets.js\" charset=\"utf-8\"><\/script><\/p>\n<p><span style=\"color: #ff0000;\">48:00<\/span> | \u00a1Gooooooooooooooooooooool del Leverkusen!<\/p>\n<p><span style=\"color: #ff0000;\">48:00<\/span> | Kiessling saca un disparo buscado el segundo poste y el bal\u00f3n se va desviado. Estaban Chicharito y Calhanoglu en el \u00e1rea para rematar.<\/p>\n<p><span style=\"color: #ff0000;\">46:00<\/span> | \u00a1Inicia el segundo tiempo! Mueve el M\u00f3naco&#8230;<\/p>\n<p><span style=\"color: #ff0000;\">45:00<\/span> | \u00a1Se acaba el primer tiempo! El Leverkusen se va al descanso con ventaja 1-0. Chicharito es titular y ha estado cerca de marcar gol en dos ocasiones.<\/p>\n<blockquote class=\"twitter-tweet\" data-lang=\"es\">\n<p dir=\"ltr\" lang=\"es\">Vaya golazo ha marcado Yurchenko en Leverkusen. <a href=\"https:\/\/twitter.com\/hashtag\/ChampionsLeague?src=hash\">#ChampionsLeague<\/a> <a href=\"https:\/\/t.co\/4ngzUakiOw\">https:\/\/t.co\/4ngzUakiOw<\/a><\/p>\n<p>\u2014 \u00c1lvaro (@Alvarovic_) <a href=\"https:\/\/twitter.com\/Alvarovic_\/status\/806595832120307713\">7 de diciembre de 2016<\/a><\/p><\/blockquote>\n<p><script async src=\"\/\/platform.twitter.com\/widgets.js\" charset=\"utf-8\"><\/script><\/p>\n<p><span style=\"color: #ff0000;\">42:00<\/span> | \u00a1M\u00f3naco se pierde el gol! Contra fulminante por la banda derecha y el trazo al \u00e1rea no pudo rematarlo Carrillo.<\/p>\n<p><span style=\"color: #ff0000;\">40:00<\/span> | Amonestaci\u00f3n para Boschilia por frenar ocasi\u00f3n clara de gol.<\/p>\n<p><span style=\"color: #ff0000;\">40:00<\/span> | El M\u00f3naco tiene tiro libre por la banda derecha. ning\u00fan jugador logra rematar y Boschilia tumba a Kiessling en el contragolpe.<\/p>\n<p><span style=\"color: #ff0000;\">36:00<\/span> | Buena la intenci\u00f3n de Chicharito al intentar filtrar un pase a Kiessling. El mexicano sale del \u00e1rea constantemente para tratar de genera juego y buscar balones que acaben en gol.<\/p>\n<p><span style=\"color: #ff0000;\">34:00<\/span> | \u00a1Se salva el M\u00f3naco del segundo gol! Hubo c\u00f3rner por la punta derecha y el central Dragovic remat\u00f3 dentro del \u00e1rea chica estrellando el bal\u00f3n justo en el arquero De Snactis. CH7 no pudo contarrematar.<\/p>\n<p><span style=\"color: #ff0000;\">29:00<\/span> | Yurchenko abre el marcador con un disparo espectacular desde la fronta; el bal\u00f3n acaba en la escuadra.<\/p>\n<p><a href=\"https:\/\/www.futboltotal.com.mx\/wp-content\/uploads\/2016\/12\/Leverkusen-Monaco.jpg\"><img decoding=\"async\" loading=\"lazy\" class=\"alignnone size-full wp-image-447585\" src=\"https:\/\/www.futboltotal.com.mx\/wp-content\/uploads\/2016\/12\/Leverkusen-Monaco.jpg\" alt=\"leverkusen-monaco\" srcset=\"http:\/\/desarrollo.grupomedios.com\/futbol\/wp-content\/uploads\/2016\/12\/Leverkusen-Monaco.jpg 858w, http:\/\/desarrollo.grupomedios.com\/futbol\/wp-content\/uploads\/2016\/12\/Leverkusen-Monaco-300x151.jpg 300w, http:\/\/desarrollo.grupomedios.com\/futbol\/wp-content\/uploads\/2016\/12\/Leverkusen-Monaco-768x386.jpg 768w, http:\/\/desarrollo.grupomedios.com\/futbol\/wp-content\/uploads\/2016\/12\/Leverkusen-Monaco-340x171.jpg 340w\" sizes=\"(max-width: 858px) 100vw, 858px\" \/><\/a><\/p>\n<p><span style=\"color: #ff0000;\">29:00<\/span> | \u00a1GooooooooooooooooooooolAZO del Leverkusen!<\/p>\n<blockquote class=\"twitter-tweet\" data-lang=\"es\">\n<p dir=\"ltr\" lang=\"de\">30.<br \/>\n1:0 &#8211; Toooooor! Booooooom in den Winkel!<br \/>\nWas f\u00fcr TRAUMTOOOOR aus 20 Metern von <a href=\"https:\/\/twitter.com\/Yurcha10\">@Yurcha10<\/a>!<a href=\"https:\/\/twitter.com\/hashtag\/B04ASM?src=hash\">#B04ASM<\/a> 1:0 <a href=\"https:\/\/t.co\/Gs4rYMany2\">pic.twitter.com\/Gs4rYMany2<\/a><\/p>\n<p>\u2014 Bayer 04 Leverkusen (@bayer04fussball) <a href=\"https:\/\/twitter.com\/bayer04fussball\/status\/806593725786886148\">7 de diciembre de 2016<\/a><\/p><\/blockquote>\n<p><script async src=\"\/\/platform.twitter.com\/widgets.js\" charset=\"utf-8\"><\/script><\/p>\n<p><span style=\"color: #ff0000;\">28:00<\/span> | Chicharitoooooooooo. De Sanctis le tapa un remate a bocajarro al mexicano, quien remata entrando por la banda izquierda.<\/p>\n<p><span style=\"color: #ff0000;\">26:00<\/span> | \u00a1Cer4ca el M\u00f3naco! Fogonazo de Jean que pasa muy cerca del palo del portero \u00d4zcan.<\/p>\n<p><span style=\"color: #ff0000;\">24:00<\/span> | \u00a1Primera amarilla! Emerson se la gana por un caballazo a Kiess ling en tres cuartos de campo. Hay tiro libre. Yurchenko la manda a la grada.<\/p>\n<p><span style=\"color: #ff0000;\">22:00<\/span> | \u00a1Dispara Chicharito! El mexicano intenta reencontrarse con el gol, pero su tiro no sali\u00f3 con mucha potencia y acaba en manos de De Sanctis.<\/p>\n<p><span style=\"color: #ff0000;\">20:00<\/span> | Kiessling se meti\u00f3 a la cocinca con un par de regates y cuando intent\u00f3 centra a Chicharito la defensa mand\u00f3 a c\u00f3rner. El bal\u00f3n acaba en saque de meta.<\/p>\n<p><span style=\"color: #ff0000;\">18:00<\/span> | Ahora el M\u00f3naco tiene tiro de esquina por la punta izquierda&#8230; Boschilia cobra y remata Jean. Queda tendido en el c\u00e9sped dal igual que Calhanoglu tras un choque.<\/p>\n<p><span style=\"color: #ff0000;\">16:00<\/span> | Baumgartlinger se anima y saca un tiro desviado que no inquieta a De Sanctis.<\/p>\n<p><span style=\"color: #ff0000;\">14:00<\/span> | \u00a1Pide penal el M\u00f3naco! Carrillo remat\u00f3 un centro y el esf\u00e9rico pega en la mano de Wendell; el \u00e1rbitro considera que no hay intenci\u00f3n y sigue la acci\u00f3n.<\/p>\n<p><span style=\"color: #ff0000;\">10:00<\/span> | El juego comienza a entrar en c alor y el M\u00f3naco hace transiciones cortas y fluidas; el Leverkusen hace lo propio y hay duelo de ida y vuelta.<\/p>\n<p><span style=\"color: #ff0000;\">08:00<\/span> | Qu\u00e9 buen contragolpe del M\u00f3naco. De no ser porque Boschilia vol\u00f3 su disparo a la grada habr\u00eda llegado el primer gol.<\/p>\n<p><span style=\"color: #ff0000;\">06:00<\/span> | \u00a1Cerca Chicharito del gol! Dispara el mexicano fuera del \u00e1rea y directo a la escuadra despu\u00e9s de una gran jugada del Leverkusen en la que hubo un taconazo de Kampl.<\/p>\n<p><span style=\"color: #ff0000;\">04:00<\/span> | Chicharito ya toc\u00f3 su primera pelota en medio campo y fue un pase equivocado que por fortuna no pas\u00f3 a mayores.<\/p>\n<p><span style=\"color: #ff0000;\">02:00<\/span> | \u00a1M\u00f3naco deja ir la primera oportunidad! Carrillo conect\u00f3 el esf\u00e9ico tras un pase por la banda izquierda, pero no logr\u00f3 darle direcci\u00f3n.<\/p>\n<p><span style=\"color: #ff0000;\">00:00<\/span> | \u00a1\u00a1Rueda el bal\u00f3n en la Champions League!!<\/p>\n<p>*El estadio Louis II est\u00e1 listo para el partido. Los jugadores guardar\u00e1n un minuto de silencio en memoria del Chapecoense.<\/p>\n<p>*Los jugadores saltan a la cancha!!! Suena el Himno de la Champions League.<\/p>\n<p>* No se les olvide seguir la cartelera de partidos que dar\u00e1n el cerrojazo a la Fase de Grupos.<\/p>\n<blockquote class=\"twitter-tweet\" data-lang=\"es\">\n<p dir=\"ltr\" lang=\"es\">\u00a1Estos son los partidos del mi\u00e9rcoles en la sexta jornada de la Champions League! Sigue los duelos en directo: <a href=\"https:\/\/t.co\/7wwh5Q59Lk\">https:\/\/t.co\/7wwh5Q59Lk<\/a> <a href=\"https:\/\/twitter.com\/hashtag\/UCL?src=hash\">#UCL<\/a> <a href=\"https:\/\/t.co\/7IrNRDBASn\">pic.twitter.com\/7IrNRDBASn<\/a><\/p>\n<p>\u2014 Liga de Campeones (@LigadeCampeones) <a href=\"https:\/\/twitter.com\/LigadeCampeones\/status\/806539789981937665\">7 de diciembre de 2016<\/a><\/p><\/blockquote>\n<p><script async src=\"\/\/platform.twitter.com\/widgets.js\" charset=\"utf-8\"><\/script><br \/>\n* Los jugadores ya calientan en el terreno de juego y est\u00e1n a punto de volver al vestuario para la \u00fal\u00f1tima charla t\u00e9cnica.<\/p>\n<p>*El Tottenham tiene alineaci\u00f3n confirmada tambi\u00e9n. hay cambio en la porter\u00eda y Falcao arrancara en el banquillo.<\/p>\n<blockquote class=\"twitter-tweet\" data-lang=\"es\">\n<p dir=\"ltr\" lang=\"es\">As\u00ed forma el AS Monaco en contra del Leverkusen esta noche alemana. <a href=\"https:\/\/twitter.com\/hashtag\/B04ASM?src=hash\">#B04ASM<\/a> <a href=\"https:\/\/t.co\/E9HTiIFLIg\">pic.twitter.com\/E9HTiIFLIg<\/a><\/p>\n<p>\u2014 AS Monaco ES (@AS_Monaco_ES) <a href=\"https:\/\/twitter.com\/AS_Monaco_ES\/status\/806575930525286400\">7 de diciembre de 2016<\/a><\/p><\/blockquote>\n<p><script async src=\"\/\/platform.twitter.com\/widgets.js\" charset=\"utf-8\"><\/script><\/p>\n<p>* El XI del Leverkusen tendr\u00e1 a Chicharitoy a Kiessling como ejes de ataque. \u00bfCu\u00e1ntos goles har\u00e1n esta noche?<\/p>\n<blockquote class=\"twitter-tweet\" data-lang=\"es\">\n<p dir=\"ltr\" lang=\"en\">\u00a1Nuestro 1\ufe0f\u20e31\ufe0f\u20e3 inicial!<a href=\"https:\/\/twitter.com\/CH14_\">@CH14_<\/a> y <a href=\"https:\/\/twitter.com\/hashtag\/Kiessling?src=hash\">#Kiessling<\/a> en la delantera. <a href=\"https:\/\/twitter.com\/RamazanOezcan\">@RamazanOezcan<\/a> celebra su debut en <a href=\"https:\/\/twitter.com\/LigadeCampeones\">@LigadeCampeones<\/a>. <a href=\"https:\/\/twitter.com\/hashtag\/B04ASM?src=hash\">#B04ASM<\/a> <a href=\"https:\/\/t.co\/eivNi6apWL\">pic.twitter.com\/eivNi6apWL<\/a><\/p>\n<p>\u2014 Bayer 04 Leverkusen (@bayer04_es) <a href=\"https:\/\/twitter.com\/bayer04_es\/status\/806568994065022981\">7 de diciembre de 2016<\/a><\/p><\/blockquote>\n<p><script async src=\"\/\/platform.twitter.com\/widgets.js\" charset=\"utf-8\"><\/script><\/p>\n<p>* El gol de <em>CH7<\/em> en esta competici\u00f3n fue precisamente ante el M\u00f3naco, por lo que hoy la afici\u00f3n del club puede ilusionarse con volver a ver la mejor versi\u00f3n del mexicano.<\/p>\n<p>* Los focos estar\u00e1n sobre el mexicano Chicharito Hern\u00e1ndez, que acumula 11 partidos sin gol a nivel de clubes y en esta Champions solo ha marcado un gol.<\/p>\n<p>* El M\u00f3naco trae cuadro de lujo y la \u00fanica baja por lesi\u00f3n ser\u00e1 el arquero Danijel Suba\u0161i\u0107, quien hab\u00eda sido titular en los cinco partidos anteriores y realiz\u00f3 12 atajadas.<\/p>\n<p>* Ojo que el Leverkusen llega con una ola de lesionados:\u00a0Kevin Kampl<span class=\"comma-players\">, <\/span>Karim Bellarabi<span class=\"comma-players\">, <\/span>Kevin Volland<span class=\"comma-players\">, <\/span>Lars Bender<span class=\"comma-players\">, <\/span>Admir Mehmedi.<\/p>\n<p>* El M\u00f3naco estar\u00e1 en el Bombo 1 y el Leverkusen en el Bombo 2 para el sorteo de los Octavos de Final que ser\u00e1 el pr\u00f3ximo lunes 12 de diciembre.<\/p>\n<p>* Ambos equipos est\u00e1n clasificados a los Octavos de Final. El cuadro franc\u00e9s lo hizo como l\u00edder de grupo y el alem\u00e1n como segundo.<\/p>\n<p>* \u00a1Buena tarde, amigos de Futbol Total! Le llevaremos en directo los detalles del \u00faltimo partido del Grupo E de la Champions League entre Bayer Levekerkusen y M\u00f3naco.<\/p>\n<p>Aunque no se juegan nada en la cancha, debido a que ambos equipos ya est\u00e1n clasificados, Bayer Leverkusen y Chicharito buscar\u00e1n salir de una mala racha cuando reciban en el Bay Arena al AS M\u00f3naco.<\/p>\n<blockquote class=\"twitter-tweet\" data-width=\"500\">\n<p lang=\"es\" dir=\"ltr\"><a href=\"https:\/\/twitter.com\/hashtag\/Bayer04?src=hash\">#Bayer04<\/a> tiene 9 partidos invicto en Copas Europeas como local (4 victorias, 5 empates). La \u00faltima derrota en <a href=\"https:\/\/twitter.com\/hashtag\/BayArena?src=hash\">#BayArena<\/a> fue en el 2014 <a href=\"https:\/\/t.co\/oVzkq21SNJ\">pic.twitter.com\/oVzkq21SNJ<\/a><\/p>\n<p>&mdash; Bayer 04 Leverkusen (@bayer04_es) <a href=\"https:\/\/twitter.com\/bayer04_es\/status\/806302205137428480\">December 7, 2016<\/a><\/p><\/blockquote>\n<p><script async src=\"\/\/platform.twitter.com\/widgets.js\" charset=\"utf-8\"><\/script><\/p>\n<p>Quien tendr\u00e1 un partido especial ser\u00e1 Javier Hern\u00e1ndez, pues buscar\u00e1 romper una racha de 11 juegos sin anotar. En el \u00faltimo partido de la Bundesliga, el mexicano fall\u00f3 un penal ante el Freiburgo que evit\u00f3 el triunfo para su equipo.<\/p>\n<p>En caso de que Chicharito arranque como titular, estar\u00eda igualando a Rafael M\u00e1rquez como el jugador mexicano con m\u00e1s partidos en Champions League y el que m\u00e1s juegos ha disputado en el futbol europeo.<\/p>\n<p>Por su parte, el M\u00f3naco llega con la cabeza en alto al escalar posiciones en la Ligue 1, junto con un Radamel Falcao que va encontrando su mejor nivel.<\/p>\n","protected":false},"excerpt":{"rendered":"<p>Las Aspirinas golean y reafirman pase a Octavos de Final; CH7 no pudo reecontrarse con el gol.<\/p>\n","protected":false},"author":20,"featured_media":447586,"comment_status":"closed","ping_status":"closed","sticky":false,"template":"","format":"standard","meta":[],"categories":[3839],"tags":[4335,36],"_links":{"self":[{"href":"http:\/\/desarrollo.grupomedios.com\/futbol\/wp-json\/wp\/v2\/posts\/447439"}],"collection":[{"href":"http:\/\/desarrollo.grupomedios.com\/futbol\/wp-json\/wp\/v2\/posts"}],"about":[{"href":"http:\/\/desarrollo.grupomedios.com\/futbol\/wp-json\/wp\/v2\/types\/post"}],"author":[{"embeddable":true,"href":"http:\/\/desarrollo.grupomedios.com\/futbol\/wp-json\/wp\/v2\/users\/20"}],"replies":[{"embeddable":true,"href":"http:\/\/desarrollo.grupomedios.com\/futbol\/wp-json\/wp\/v2\/comments?post=447439"}],"version-history":[{"count":0,"href":"http:\/\/desarrollo.grupomedios.com\/futbol\/wp-json\/wp\/v2\/posts\/447439\/revisions"}],"wp:featuredmedia":[{"embeddable":true,"href":"http:\/\/desarrollo.grupomedios.com\/futbol\/wp-json\/wp\/v2\/media\/447586"}],"wp:attachment":[{"href":"http:\/\/desarrollo.grupomedios.com\/futbol\/wp-json\/wp\/v2\/media?parent=447439"}],"wp:term":[{"taxonomy":"category","embeddable":true,"href":"http:\/\/desarrollo.grupomedios.com\/futbol\/wp-json\/wp\/v2\/categories?post=447439"},{"taxonomy":"post_tag","embeddable":true,"href":"http:\/\/desarrollo.grupomedios.com\/futbol\/wp-json\/wp\/v2\/tags?post=447439"}],"curies":[{"name":"wp","href":"https:\/\/api.w.org\/{rel}","templated":true}]}}