{"id":447527,"date":"2016-12-07T13:29:02","date_gmt":"2016-12-07T19:29:02","guid":{"rendered":"https:\/\/www.futboltotal.com.mx\/?p=447527"},"modified":"2016-12-07T13:30:41","modified_gmt":"2016-12-07T19:30:41","slug":"presente-chivas-gracias-al-chepo-la-torre","status":"publish","type":"post","link":"http:\/\/desarrollo.grupomedios.com\/futbol\/futbol-mexicano\/presente-chivas-gracias-al-chepo-la-torre\/2016\/12","title":{"rendered":"Presente de Chivas es gracias al Chepo"},"content":{"rendered":"<p>El director t\u00e9cnico de <a href=\"https:\/\/www.futboltotal.com.mx\/equipos\/santos\/\" target=\"_blank\">Santos<\/a>, <strong>Jos\u00e9 Manuel de la Torre<\/strong>, se siente orgulloso de muchos de los jugadores que actualmente militan en las <a href=\"http:\/\/www.futboltotal.com.mx\/equipos\/guadalajara\/\" target=\"_blank\">Chivas<\/a>, ya que seg\u00fan \u00e9l, forj\u00f3 a muchos de ellos cuando se encontraban en las Fuerzas B\u00e1sicas del equipo.<\/p>\n<p>\u201cCon <strong>Chivas<\/strong> se trataba de rescatar al equipo que estaba en un hoyo. Hab\u00eda que darle forma, base para sacarlo a flote\u201d, declar\u00f3 el <em>Chepo<\/em> de la Torre en charla con la cadena <em>ESPN<\/em>.<\/p>\n<p style=\"text-align: center;\"><span style=\"color: #3366ff;\"><a style=\"color: #3366ff;\" href=\"https:\/\/www.futboltotal.com.mx\/2016\/12\/futbol-estufa-rumbo-clausura-2017-liga-mx\/\" target=\"_blank\"><strong>LEER M\u00c1S: Futbol de Estufa rumbo al Clausura 2017<\/strong><\/a><\/span><\/p>\n<p>\u201cTodos los jugadores que est\u00e1n apareciendo ahora en <strong>Chivas<\/strong> nosotros los pusimos a andar en divisiones menores para que tuvieran tener mayor experiencia y en el futuro tuvieran esa base que le diera solidez al grupo para luego se diera una renovaci\u00f3n del plantel\u201d, agreg\u00f3 el estratega.<\/p>\n<p>Por su parte, en cuanto a la labor que le compete con Santos, <strong>Jos\u00e9 Manuel de la Torre<\/strong> est\u00e1 contento con los refuerzos que se incorporan al club pero se\u00f1ala que trabajar\u00e1n primordialmente, para mejorar los cocientes.<\/p>\n<p><strong>S\u00edguenos en Twitter<\/strong>: <a href=\"https:\/\/twitter.com\/MXFutbolTotal\" target=\"_blank\">@MXFutbolTotal<\/a><\/p>\n","protected":false},"excerpt":{"rendered":"<p>De la Torre declara que \u00e9l forj\u00f3 a varios jugadores de la plantilla actual.<\/p>\n","protected":false},"author":20,"featured_media":447532,"comment_status":"closed","ping_status":"closed","sticky":false,"template":"","format":"standard","meta":[],"categories":[2198,3845,5950],"tags":[70,741,5972],"_links":{"self":[{"href":"http:\/\/desarrollo.grupomedios.com\/futbol\/wp-json\/wp\/v2\/posts\/447527"}],"collection":[{"href":"http:\/\/desarrollo.grupomedios.com\/futbol\/wp-json\/wp\/v2\/posts"}],"about":[{"href":"http:\/\/desarrollo.grupomedios.com\/futbol\/wp-json\/wp\/v2\/types\/post"}],"author":[{"embeddable":true,"href":"http:\/\/desarrollo.grupomedios.com\/futbol\/wp-json\/wp\/v2\/users\/20"}],"replies":[{"embeddable":true,"href":"http:\/\/desarrollo.grupomedios.com\/futbol\/wp-json\/wp\/v2\/comments?post=447527"}],"version-history":[{"count":0,"href":"http:\/\/desarrollo.grupomedios.com\/futbol\/wp-json\/wp\/v2\/posts\/447527\/revisions"}],"wp:featuredmedia":[{"embeddable":true,"href":"http:\/\/desarrollo.grupomedios.com\/futbol\/wp-json\/wp\/v2\/media\/447532"}],"wp:attachment":[{"href":"http:\/\/desarrollo.grupomedios.com\/futbol\/wp-json\/wp\/v2\/media?parent=447527"}],"wp:term":[{"taxonomy":"category","embeddable":true,"href":"http:\/\/desarrollo.grupomedios.com\/futbol\/wp-json\/wp\/v2\/categories?post=447527"},{"taxonomy":"post_tag","embeddable":true,"href":"http:\/\/desarrollo.grupomedios.com\/futbol\/wp-json\/wp\/v2\/tags?post=447527"}],"curies":[{"name":"wp","href":"https:\/\/api.w.org\/{rel}","templated":true}]}}