{"id":447551,"date":"2016-12-07T14:22:36","date_gmt":"2016-12-07T20:22:36","guid":{"rendered":"https:\/\/www.futboltotal.com.mx\/?p=447551"},"modified":"2016-12-07T14:22:36","modified_gmt":"2016-12-07T20:22:36","slug":"primera-division-a-futsal","status":"publish","type":"post","link":"http:\/\/desarrollo.grupomedios.com\/futbol\/futbol-mexicano\/primera-division-a-futsal\/2016\/12","title":{"rendered":"Deja el futbol profesional por el futsal"},"content":{"rendered":"<p>Jorge Villalpando, el arquero que militara en equipos como <strong>Puebla, Chiapas, Morelia, Atlante y Toluca,<\/strong> ha dejado de lado el futbol de Primera Divisi\u00f3n para entrar en una nueva etapa en su vida, el futsal.<\/p>\n<p>Para el arquero mexicano se acabaron los lujos, las concentraciones y los reflectores que lleva jugar en la <strong>Liga MX<\/strong>, ahora ha decidido representar a nuestro pa\u00eds en la disciplina del futbol de sal\u00f3n, en donde ya tuvo su primera experiencia como Seleccionado Nacional.<\/p>\n<blockquote><p>&#8220;Es una experiencia muy agradable, es un futbol que desconoc\u00eda; son reglas diferentes, son canchas diferentes y para mi es un buen sabor de boca&#8221; declar\u00f3 el ex portero de Primera Divisi\u00f3n en una entrevista para ESPN.<\/p><\/blockquote>\n<p style=\"text-align: center;\"><span style=\"color: #3366ff;\"><a style=\"color: #3366ff;\" href=\"https:\/\/www.futboltotal.com.mx\/2016\/12\/gullit-pena-se-aleja-gallos-dos-clubes-lo-buscan\/\" target=\"_blank\">LEER M\u00c1S: Gullit Pe\u00f1a se aleja de Gallos, pero dos clubes lo buscan<\/a><\/span><\/p>\n<p>Villalpando tambi\u00e9n dio a conocer como es que lleg\u00f3 a esta nueva experiencia.<\/p>\n<blockquote><p>&#8220;Me hablan por un compa\u00f1ero con el que jugu\u00e9 en el <strong>Puebla<\/strong> y me entr\u00f3 la curiosidad por jugar esto, era una experiencia nueva, se dio la oportunidad, se dieron los tiempos de que viniera este viaje, es una experiencia totalmente diferente, muchos de los jugadores somos jugadores de futbol soccer y la verdad es que se trabaj\u00f3 bien y fue buena preparaci\u00f3n\u201d coment\u00f3 para la televisora a su regreso del torneo que disput\u00f3 en China, como parte de una invitaci\u00f3n por Ram\u00f3n Raya.<\/p><\/blockquote>\n<p>Jorge inici\u00f3 su carrera en 2007 con Puebla, con qui\u00e9n tuvo dos etapas. El arquero termin\u00f3 su vida como profesional en el semestre pasado cuando militaba con <strong>Chiapas.<\/strong><\/p>\n<p><span style=\"color: #3366ff;\"><a style=\"color: #3366ff;\" href=\"https:\/\/twitter.com\/MXFutbolTotal\">S\u00edguenos en Twitter: @MXFutbolTotal<\/a><\/span><\/p>\n","protected":false},"excerpt":{"rendered":"<p>El ex portero dej\u00f3 los lujos para dedicarse al futbol de sal\u00f3n <\/p>\n","protected":false},"author":20,"featured_media":447568,"comment_status":"closed","ping_status":"closed","sticky":false,"template":"","format":"standard","meta":[],"categories":[2198,3845],"tags":[766,5969],"_links":{"self":[{"href":"http:\/\/desarrollo.grupomedios.com\/futbol\/wp-json\/wp\/v2\/posts\/447551"}],"collection":[{"href":"http:\/\/desarrollo.grupomedios.com\/futbol\/wp-json\/wp\/v2\/posts"}],"about":[{"href":"http:\/\/desarrollo.grupomedios.com\/futbol\/wp-json\/wp\/v2\/types\/post"}],"author":[{"embeddable":true,"href":"http:\/\/desarrollo.grupomedios.com\/futbol\/wp-json\/wp\/v2\/users\/20"}],"replies":[{"embeddable":true,"href":"http:\/\/desarrollo.grupomedios.com\/futbol\/wp-json\/wp\/v2\/comments?post=447551"}],"version-history":[{"count":0,"href":"http:\/\/desarrollo.grupomedios.com\/futbol\/wp-json\/wp\/v2\/posts\/447551\/revisions"}],"wp:featuredmedia":[{"embeddable":true,"href":"http:\/\/desarrollo.grupomedios.com\/futbol\/wp-json\/wp\/v2\/media\/447568"}],"wp:attachment":[{"href":"http:\/\/desarrollo.grupomedios.com\/futbol\/wp-json\/wp\/v2\/media?parent=447551"}],"wp:term":[{"taxonomy":"category","embeddable":true,"href":"http:\/\/desarrollo.grupomedios.com\/futbol\/wp-json\/wp\/v2\/categories?post=447551"},{"taxonomy":"post_tag","embeddable":true,"href":"http:\/\/desarrollo.grupomedios.com\/futbol\/wp-json\/wp\/v2\/tags?post=447551"}],"curies":[{"name":"wp","href":"https:\/\/api.w.org\/{rel}","templated":true}]}}