{"id":447678,"date":"2016-12-07T16:57:28","date_gmt":"2016-12-07T22:57:28","guid":{"rendered":"https:\/\/www.futboltotal.com.mx\/?p=447678"},"modified":"2016-12-07T16:57:28","modified_gmt":"2016-12-07T22:57:28","slug":"benzema-alcanza-record-di-stefano","status":"publish","type":"post","link":"http:\/\/desarrollo.grupomedios.com\/futbol\/futbol-internacional\/benzema-alcanza-record-di-stefano\/2016\/12","title":{"rendered":"Benzema super\u00f3 a Di Stefano en Champions"},"content":{"rendered":"<p><strong>Karim Benzema<\/strong>, delantero franc\u00e9s del Real Madrid, firm\u00f3 su tercer partido consecutivo marcando en Liga de Campeones, y con su doblete al Borussia Dortmund alcanz\u00f3 50 goles, se convirti\u00f3 en el s\u00e9ptimo goleador de la historia de la Copa de Europa tras superar a la leyenda Alfredo Di St\u00e9fano.<\/p>\n<p>https:\/\/twitter.com\/realmadrid\/status\/806607982586974212<\/p>\n<p><strong>Benzema<\/strong>, que llegaba al Santiago Bernab\u00e9u encarando la cr\u00edtica por la imagen que dej\u00f3 en el Cl\u00e1sico del Camp Nou, se desquit\u00f3 con dos goles que celebr\u00f3 en comuni\u00f3n con la afici\u00f3n del Santiago Bernab\u00e9u que le apoy\u00f3 todo el partido.<\/p>\n<p>Con 50 goles en 88 partidos, super\u00f3 en la clasificaci\u00f3n hist\u00f3rica a Di St\u00e9fano y Zlatan Ibrahimovic. &#8220;Ha sido un partido bueno y dif\u00edcil contra un buen equipo. Para ganar la Champions ser primero o segundo da igual&#8221;, asegur\u00f3 a beIN Sports a la conclusi\u00f3n del partido.<\/p>\n<p style=\"text-align: center;\"><span style=\"color: #3366ff;\"><a style=\"color: #3366ff;\" href=\"https:\/\/www.futboltotal.com.mx\/2016\/12\/zidane-iguala-record-real-madrid\/\">LEER M\u00c1S: Zidane iguala r\u00e9cord de partidos invicto con el Real Madrid<\/a><\/span><\/p>\n<p>&#8220;Quiz\u00e1 nos ha faltado algo de concentraci\u00f3n en la primera parte. Ha sido un partido espectacular con esfuerzo y orgullo&#8221;, a\u00f1adi\u00f3.<\/p>\n<p><strong>Benzema<\/strong> acept\u00f3 la cr\u00edtica y asegur\u00f3 que cada d\u00eda piensa en seguir mejorando. &#8220;S\u00e9 que es dif\u00edcil en el Real Madrid, trabajo mucho en los entrenamientos. Cuando escucho cr\u00edticas es porque tengo que mejorar y entrenar m\u00e1s&#8221;, dijo.<\/p>\n<p><strong>Goleadores Liga de Campeones:<\/strong><br \/>\n.1. Cristiano Ronaldo 96 goles<br \/>\n.2. Leo Messi 94<br \/>\n.3. Ra\u00fal Gonz\u00e1lez 71<br \/>\n.4. Ruud Van Nistelrooy 60<br \/>\n.5. Andriy Shevchenko 59<br \/>\n.6. Thierry Henry 51<br \/>\n<strong>.7. Karim Benzema 50<\/strong><br \/>\n.8. Filippo Inzaghi 50<br \/>\n.9. Alfredo Di St\u00e9fano 49<br \/>\n10. Zlatan Ibrahimovic 49. EFE<\/p>\n","protected":false},"excerpt":{"rendered":"<p>Benzema es el tercer m\u00e1ximo goleador de jugadores activos.<\/p>\n","protected":false},"author":144,"featured_media":447579,"comment_status":"closed","ping_status":"closed","sticky":false,"template":"","format":"standard","meta":[],"categories":[3839,5951],"tags":[1961],"_links":{"self":[{"href":"http:\/\/desarrollo.grupomedios.com\/futbol\/wp-json\/wp\/v2\/posts\/447678"}],"collection":[{"href":"http:\/\/desarrollo.grupomedios.com\/futbol\/wp-json\/wp\/v2\/posts"}],"about":[{"href":"http:\/\/desarrollo.grupomedios.com\/futbol\/wp-json\/wp\/v2\/types\/post"}],"author":[{"embeddable":true,"href":"http:\/\/desarrollo.grupomedios.com\/futbol\/wp-json\/wp\/v2\/users\/144"}],"replies":[{"embeddable":true,"href":"http:\/\/desarrollo.grupomedios.com\/futbol\/wp-json\/wp\/v2\/comments?post=447678"}],"version-history":[{"count":0,"href":"http:\/\/desarrollo.grupomedios.com\/futbol\/wp-json\/wp\/v2\/posts\/447678\/revisions"}],"wp:featuredmedia":[{"embeddable":true,"href":"http:\/\/desarrollo.grupomedios.com\/futbol\/wp-json\/wp\/v2\/media\/447579"}],"wp:attachment":[{"href":"http:\/\/desarrollo.grupomedios.com\/futbol\/wp-json\/wp\/v2\/media?parent=447678"}],"wp:term":[{"taxonomy":"category","embeddable":true,"href":"http:\/\/desarrollo.grupomedios.com\/futbol\/wp-json\/wp\/v2\/categories?post=447678"},{"taxonomy":"post_tag","embeddable":true,"href":"http:\/\/desarrollo.grupomedios.com\/futbol\/wp-json\/wp\/v2\/tags?post=447678"}],"curies":[{"name":"wp","href":"https:\/\/api.w.org\/{rel}","templated":true}]}}