{"id":447696,"date":"2016-12-07T17:32:45","date_gmt":"2016-12-07T23:32:45","guid":{"rendered":"https:\/\/www.futboltotal.com.mx\/?p=447696"},"modified":"2016-12-07T17:40:42","modified_gmt":"2016-12-07T23:40:42","slug":"zidane-quiere-a-juventus-en-octavos","status":"publish","type":"post","link":"http:\/\/desarrollo.grupomedios.com\/futbol\/futbol-internacional\/zidane-quiere-a-juventus-en-octavos\/2016\/12","title":{"rendered":"Zidane no quiere a Juventus en Octavos"},"content":{"rendered":"<p><strong>Zinedine Zidane<\/strong>, entrenador franc\u00e9s del Real Madrid, afirm\u00f3 este mi\u00e9rcoles en rueda de prensa despu\u00e9s de empatar 2-2 ante el Borussia Dortmund, que no quiere para los octavos de final de la Liga de Campeones no quiere enfrentarse al <strong>Juventus.<\/strong><\/p>\n<p>El cuadro madridista acab\u00f3 segundo de su grupo y evitar\u00e1 a rivales que quedaron tambi\u00e9n segundos como Bayern M\u00fanich, Par\u00eds Saint Germain, Benfica, Manchester City o Bayer Leverkusen. Podr\u00eda enfrentarse al Arsenal, al N\u00e1poles, al M\u00f3naco, al Leicester y al Juventus. Zidane, no quiere a los \u00faltimos.<\/p>\n<p style=\"text-align: center;\"><span style=\"color: #3366ff;\">LEER M\u00c1S: Todas las noticias de Champions League<\/span><\/p>\n<p style=\"text-align: center;\"><a href=\"https:\/\/www.futboltotal.com.mx\/wp-content\/uploads\/2016\/12\/Zidane-no-quiere-a-Juventus.jpg\"><img decoding=\"async\" loading=\"lazy\" class=\"alignnone size-full wp-image-447709\" src=\"https:\/\/www.futboltotal.com.mx\/wp-content\/uploads\/2016\/12\/Zidane-no-quiere-a-Juventus.jpg\" alt=\"zidane-no-quiere-a-juventus\" srcset=\"http:\/\/desarrollo.grupomedios.com\/futbol\/wp-content\/uploads\/2016\/12\/Zidane-no-quiere-a-Juventus.jpg 858w, http:\/\/desarrollo.grupomedios.com\/futbol\/wp-content\/uploads\/2016\/12\/Zidane-no-quiere-a-Juventus-300x251.jpg 300w, http:\/\/desarrollo.grupomedios.com\/futbol\/wp-content\/uploads\/2016\/12\/Zidane-no-quiere-a-Juventus-768x644.jpg 768w\" sizes=\"(max-width: 858px) 100vw, 858px\" \/><\/a><\/p>\n<blockquote><p>&#8220;El lunes vamos a ver el equipo que nos va a tocar. Si me preguntas (a la prensa), as\u00ed, no quiero a la Juventus. Por dos razones, pero vamos a ver el lunes. Ah\u00ed no podemos hacer nada, vamos a mirarlo todos y veremos el equipo que nos va a tocar&#8221;, declar\u00f3.<\/p><\/blockquote>\n<p><strong>Zidane<\/strong> se mostr\u00f3 algo descontento con los \u00faltimos diez minutos del Real Madrid ante el Dortmund, en los que, asegur\u00f3, perdi\u00f3 la concentraci\u00f3n para evitar el empate y, de ese modo, perder la opci\u00f3n de ser primeros de grupo.<\/p>\n<blockquote><p>&#8220;Hemos perdonado con las ocasiones que hemos tenido. Hemos podido marcar, esa es la diferencia. Pero conseguimos un empate. Ellos primeros y nosotros segundos. Hemos intentado todo para ser primeros y no lo conseguimos. Estoy orgulloso de mis jugadores, han hecho cosas muy buenas&#8221;, explic\u00f3.<\/p><\/blockquote>\n<p>Tambi\u00e9n tuvo buenas palabras para dos jugadores, Karim Benzema y James Rodr\u00edguez. Del segundo dijo que complet\u00f3 un gran partido y resalt\u00f3 su pase de gol a Benzema: &#8220;En el segundo tanto, es un centro magn\u00edfico para Karim. Su actuaci\u00f3n ha sido muy buena, no solo por el pase de gol. Ha trabajado mucho y estoy contento por su partido&#8221;<\/p>\n<blockquote><p>&#8220;Contento por el partido de Karim y por su trabajo. Pero en global, lo hicimos todos, han hecho todo lo posible para meter a Karim en buena posici\u00f3n. \u00c9l est\u00e1 contento y seguimos con nuestra racha buena. Estoy muy contento con \u00e9l y no es muy f\u00e1cil marcar 50 goles en Copa de Europa&#8221;, resalt\u00f3 del jugador franc\u00e9s.<\/p><\/blockquote>\n<p>&nbsp;<\/p>\n<p>&nbsp;<\/p>\n","protected":false},"excerpt":{"rendered":"<p>El DT del Real Madrid habl\u00f3 tras dejar escapar la victoria ante el Borussia Dortmund.<\/p>\n","protected":false},"author":20,"featured_media":447706,"comment_status":"closed","ping_status":"closed","sticky":false,"template":"","format":"standard","meta":[],"categories":[3841,3839,5951],"tags":[36,2877,5988],"_links":{"self":[{"href":"http:\/\/desarrollo.grupomedios.com\/futbol\/wp-json\/wp\/v2\/posts\/447696"}],"collection":[{"href":"http:\/\/desarrollo.grupomedios.com\/futbol\/wp-json\/wp\/v2\/posts"}],"about":[{"href":"http:\/\/desarrollo.grupomedios.com\/futbol\/wp-json\/wp\/v2\/types\/post"}],"author":[{"embeddable":true,"href":"http:\/\/desarrollo.grupomedios.com\/futbol\/wp-json\/wp\/v2\/users\/20"}],"replies":[{"embeddable":true,"href":"http:\/\/desarrollo.grupomedios.com\/futbol\/wp-json\/wp\/v2\/comments?post=447696"}],"version-history":[{"count":0,"href":"http:\/\/desarrollo.grupomedios.com\/futbol\/wp-json\/wp\/v2\/posts\/447696\/revisions"}],"wp:featuredmedia":[{"embeddable":true,"href":"http:\/\/desarrollo.grupomedios.com\/futbol\/wp-json\/wp\/v2\/media\/447706"}],"wp:attachment":[{"href":"http:\/\/desarrollo.grupomedios.com\/futbol\/wp-json\/wp\/v2\/media?parent=447696"}],"wp:term":[{"taxonomy":"category","embeddable":true,"href":"http:\/\/desarrollo.grupomedios.com\/futbol\/wp-json\/wp\/v2\/categories?post=447696"},{"taxonomy":"post_tag","embeddable":true,"href":"http:\/\/desarrollo.grupomedios.com\/futbol\/wp-json\/wp\/v2\/tags?post=447696"}],"curies":[{"name":"wp","href":"https:\/\/api.w.org\/{rel}","templated":true}]}}