{"id":447715,"date":"2016-12-07T18:16:44","date_gmt":"2016-12-08T00:16:44","guid":{"rendered":"https:\/\/www.futboltotal.com.mx\/?p=447715"},"modified":"2016-12-07T18:16:44","modified_gmt":"2016-12-08T00:16:44","slug":"cruz-azul-estrena-delantero-ficho-ecuatoriano-angel-mena","status":"publish","type":"post","link":"http:\/\/desarrollo.grupomedios.com\/futbol\/destacado-home\/cruz-azul-estrena-delantero-ficho-ecuatoriano-angel-mena\/2016\/12","title":{"rendered":"Cruz Azul estrena delantero, fich\u00f3 al ecuatoriano \u00c1ngel Mena"},"content":{"rendered":"<p><a href=\"https:\/\/www.futboltotal.com.mx\/equipos\/cruz-azul\/\">Cruz Azul<\/a> est\u00e1 d\u00e1ndole forma a la plantilla con la que encarar\u00e1 el torneo Clausura 2017, ya que adem\u00e1s de haber presentado a <a href=\"https:\/\/www.futboltotal.com.mx\/2016\/12\/pido-paciencia-pido-exigencia-paco-jemez\/\">su nuevo t\u00e9cnico, el espa\u00f1ol Paco J\u00e9mez<\/a>, los <em>Cementeros<\/em> pueden presumir de su nuevo y primer refuerzo, el ecuatoriano <strong>\u00c1ngel Mena<\/strong>.<\/p>\n<p>De acuerdo a informaci\u00f3n del diario R\u00e9cord, el presidente del equipo Emelec, Nassib Neme, ha confirmado la transferencia del delantero al cuadro cruzazulino, que ocupar\u00e1 el lugar que deja en el ataque el tambi\u00e9n ecuatoriano Joffre Guerr\u00f3n.<\/p>\n<p>&#8220;La operaci\u00f3n est\u00e1 concluida, el jugador es ya del Cruz Azul. Es compra definitiva&#8221;, fueron las palabras del directivo ecuatoriano.<\/p>\n<p><a href=\"https:\/\/www.futboltotal.com.mx\/2016\/12\/cruz-azul-cerca-fichar-a-primer-refuerzo\/\">LEER M\u00c1S: CRUZ AZUL, CERCA DE FICHAR A SU PRIMER REFUERZO<\/a><\/p>\n<p>El futbolista es conocido en su pa\u00eds como el <em>\u00c1ngel del gol<\/em> y con el equipo <em>Millonario<\/em> logr\u00f3 el tricampeonato de la liga ecuatoriana en 2013, 2014 y 2015.<\/p>\n<p>Adem\u00e1s, desde 2015 Mena es seleccionado ecuatoriano, combinado con el que ha disputado seis encuentros y ha marcado un gol.<\/p>\n<p>Mena ya hab\u00eda sonado para llegar a la Liga MX, pues en abril de este a\u00f1o fue vinculado con el Santos Laguna.<\/p>\n<p><a href=\"https:\/\/www.futboltotal.com.mx\/2016\/04\/santos-en-busca-de-delantero-para-apertura-2016\/\">LEER M\u00c1S: SANTOS FICHAR\u00cdA A ECUATORIANO PARA APERTURA 2016<\/a><\/p>\n","protected":false},"excerpt":{"rendered":"<p>El presidente del Emelec confirm\u00f3 la venta del delantero al cuadro cementero.<\/p>\n","protected":false},"author":20,"featured_media":447150,"comment_status":"closed","ping_status":"closed","sticky":false,"template":"","format":"standard","meta":[],"categories":[5,7740,2198,3845],"tags":[7749,5962,382,271,64],"_links":{"self":[{"href":"http:\/\/desarrollo.grupomedios.com\/futbol\/wp-json\/wp\/v2\/posts\/447715"}],"collection":[{"href":"http:\/\/desarrollo.grupomedios.com\/futbol\/wp-json\/wp\/v2\/posts"}],"about":[{"href":"http:\/\/desarrollo.grupomedios.com\/futbol\/wp-json\/wp\/v2\/types\/post"}],"author":[{"embeddable":true,"href":"http:\/\/desarrollo.grupomedios.com\/futbol\/wp-json\/wp\/v2\/users\/20"}],"replies":[{"embeddable":true,"href":"http:\/\/desarrollo.grupomedios.com\/futbol\/wp-json\/wp\/v2\/comments?post=447715"}],"version-history":[{"count":0,"href":"http:\/\/desarrollo.grupomedios.com\/futbol\/wp-json\/wp\/v2\/posts\/447715\/revisions"}],"wp:featuredmedia":[{"embeddable":true,"href":"http:\/\/desarrollo.grupomedios.com\/futbol\/wp-json\/wp\/v2\/media\/447150"}],"wp:attachment":[{"href":"http:\/\/desarrollo.grupomedios.com\/futbol\/wp-json\/wp\/v2\/media?parent=447715"}],"wp:term":[{"taxonomy":"category","embeddable":true,"href":"http:\/\/desarrollo.grupomedios.com\/futbol\/wp-json\/wp\/v2\/categories?post=447715"},{"taxonomy":"post_tag","embeddable":true,"href":"http:\/\/desarrollo.grupomedios.com\/futbol\/wp-json\/wp\/v2\/tags?post=447715"}],"curies":[{"name":"wp","href":"https:\/\/api.w.org\/{rel}","templated":true}]}}