{"id":447716,"date":"2016-12-07T18:26:05","date_gmt":"2016-12-08T00:26:05","guid":{"rendered":"https:\/\/www.futboltotal.com.mx\/?p=447716"},"modified":"2016-12-07T18:33:13","modified_gmt":"2016-12-08T00:33:13","slug":"moises-munoz-estaria-mexico","status":"publish","type":"post","link":"http:\/\/desarrollo.grupomedios.com\/futbol\/futbol-mexicano\/moises-munoz-estaria-mexico\/2016\/12","title":{"rendered":"El futuro de Mois\u00e9s Mu\u00f1oz estar\u00eda fuera de M\u00e9xico"},"content":{"rendered":"<p>Las \u00faltimas horas no han dejado de ser un martirio para el portero del <strong><span style=\"color: #000000;\"><a style=\"color: #000000;\" href=\"https:\/\/www.futboltotal.com.mx\/2016\/12\/equipos\/america\/\" target=\"_blank\">Am\u00e9rica<\/a><\/span><\/strong>, pues desde que se anunci\u00f3 la llegada de <strong>Marches\u00edn<\/strong> al conjunto azulcrema, las especulaciones sobre la salida de Mois\u00e9s Mu\u00f1oz no han dejado de aparecer.<\/p>\n<p>En un principio se manejaba que <em>Moi<\/em>, podr\u00eda ir a <span style=\"color: #000000;\"><a style=\"color: #000000;\" href=\"https:\/\/www.futboltotal.com.mx\/equipos\/atlas\/\" target=\"_blank\"><strong>Atlas<\/strong><\/a><\/span>, equipo que se ve\u00eda m\u00e1s solido en el inter\u00e9s por el cancerbero. Este mi\u00e9rcoles un nuevo rumor se ha dado a conocer, y es que el Universal ha publicado, que el futuro del futbolista estar\u00eda en la <strong>MLS<\/strong>, liga que ya ha mostrado intenciones de que llegue el mexicano.<\/p>\n<p style=\"text-align: center;\"><span style=\"color: #3366ff;\"><a style=\"color: #3366ff;\" href=\"https:\/\/www.futboltotal.com.mx\/2016\/12\/moises-munoz-en-la-orbita-del-atlas\/\" target=\"_blank\">LEER M\u00c1S: Mois\u00e9s Mu\u00f1oz, en la \u00f3rbita del Atlas<\/a><\/span><\/p>\n<p style=\"text-align: left;\">Mu\u00f1oz a\u00fan disputar\u00e1 el Mundial de Clubes con los de Coapa y ya se encuentra en<strong> Jap\u00f3n<\/strong> para su debut el pr\u00f3ximo domingo, en donde buscar\u00e1 sacarse la espina de hace un a\u00f1o, cuando un error del guardameta dej\u00f3 al<strong> Am\u00e9rica<\/strong> sin posibilidades de jugar la semifinal ante <strong>Barcelona.\u00a0<\/strong><\/p>\n<blockquote class=\"twitter-tweet\" data-width=\"500\">\n<p lang=\"es\" dir=\"ltr\">Nuestro primer rival en el Mundial de Clubes <a href=\"https:\/\/twitter.com\/hashtag\/Jap%C3%B3n2016?src=hash\">#Jap\u00f3n2016<\/a> ser\u00e1 <a href=\"https:\/\/twitter.com\/Jeonbuk_hyundai\">@Jeonbuk_hyundai<\/a> Campe\u00f3n de Asia \u27a1<a href=\"https:\/\/t.co\/cQ8UEFNRdm\">https:\/\/t.co\/cQ8UEFNRdm<\/a> <a href=\"https:\/\/t.co\/2r3GcCOFCL\">pic.twitter.com\/2r3GcCOFCL<\/a><\/p>\n<p>&mdash; Club Am\u00e9rica (@ClubAmerica) <a href=\"https:\/\/twitter.com\/ClubAmerica\/status\/806317427357351936\">December 7, 2016<\/a><\/p><\/blockquote>\n<p><script async src=\"\/\/platform.twitter.com\/widgets.js\" charset=\"utf-8\"><\/script><\/p>\n<p><span style=\"color: #3366ff;\"><a style=\"color: #3366ff;\" href=\"https:\/\/twitter.com\/MXFutbolTotal\">\u00a0S\u00edguenos en Twitter: @MXFutbolTotal<\/a><\/span><\/p>\n","protected":false},"excerpt":{"rendered":"<p>El portero mexicano es pretendido en la MLS. <\/p>\n","protected":false},"author":20,"featured_media":447723,"comment_status":"closed","ping_status":"closed","sticky":false,"template":"","format":"standard","meta":[],"categories":[2198,3845,5950],"tags":[5959,635],"_links":{"self":[{"href":"http:\/\/desarrollo.grupomedios.com\/futbol\/wp-json\/wp\/v2\/posts\/447716"}],"collection":[{"href":"http:\/\/desarrollo.grupomedios.com\/futbol\/wp-json\/wp\/v2\/posts"}],"about":[{"href":"http:\/\/desarrollo.grupomedios.com\/futbol\/wp-json\/wp\/v2\/types\/post"}],"author":[{"embeddable":true,"href":"http:\/\/desarrollo.grupomedios.com\/futbol\/wp-json\/wp\/v2\/users\/20"}],"replies":[{"embeddable":true,"href":"http:\/\/desarrollo.grupomedios.com\/futbol\/wp-json\/wp\/v2\/comments?post=447716"}],"version-history":[{"count":0,"href":"http:\/\/desarrollo.grupomedios.com\/futbol\/wp-json\/wp\/v2\/posts\/447716\/revisions"}],"wp:featuredmedia":[{"embeddable":true,"href":"http:\/\/desarrollo.grupomedios.com\/futbol\/wp-json\/wp\/v2\/media\/447723"}],"wp:attachment":[{"href":"http:\/\/desarrollo.grupomedios.com\/futbol\/wp-json\/wp\/v2\/media?parent=447716"}],"wp:term":[{"taxonomy":"category","embeddable":true,"href":"http:\/\/desarrollo.grupomedios.com\/futbol\/wp-json\/wp\/v2\/categories?post=447716"},{"taxonomy":"post_tag","embeddable":true,"href":"http:\/\/desarrollo.grupomedios.com\/futbol\/wp-json\/wp\/v2\/tags?post=447716"}],"curies":[{"name":"wp","href":"https:\/\/api.w.org\/{rel}","templated":true}]}}