{"id":447735,"date":"2016-12-07T19:18:18","date_gmt":"2016-12-08T01:18:18","guid":{"rendered":"https:\/\/www.futboltotal.com.mx\/?p=447735"},"modified":"2016-12-07T19:18:18","modified_gmt":"2016-12-08T01:18:18","slug":"medallista-mexicana-captada-messi-neymar","status":"publish","type":"post","link":"http:\/\/desarrollo.grupomedios.com\/futbol\/cambio-de-juego\/medallista-mexicana-captada-messi-neymar\/2016\/12","title":{"rendered":"Medallista mexicana es captada con Messi y Neymar"},"content":{"rendered":"<p>En un viaje de ensue\u00f1o la clavadista mexicana <strong>Paola Espinosa<\/strong>, tuvo la dicha de conocer a los astros del futbol mundial<strong> Lio Messi y Neymar Jr,<\/strong> con quienes se tom\u00f3 una fotograf\u00eda en las instalaciones del club <strong>Barcelona.\u00a0<\/strong><\/p>\n<blockquote><p>&#8220;Un viaje de ensue\u00f1o conociendo a grandes del futbol internacional&#8221; public\u00f3 Paola en su cuenta de Twitter.<\/p><\/blockquote>\n<p>La campeona ol\u00edmpica ha causado controversia con dichas fotos, porque se muestra a las estrellas de futbol internacional arriba de su carro; las cr\u00edticas por parte de la gente no se hicieron esperar al llamar &#8220;carentes de humildad&#8221; a los jugadores del cuadro cul\u00e9.<\/p>\n<p style=\"text-align: center;\"><span style=\"color: #3366ff;\"><a style=\"color: #3366ff;\" href=\"https:\/\/www.futboltotal.com.mx\/2016\/12\/la-conversacion-cruz-azul-tras-19-anos-sin-titulo\/\" target=\"_blank\">LEER M\u00c1S: La conversaci\u00f3n de Cruz Azul, tras 19 a\u00f1os sin t\u00edtulo<\/a><\/span><\/p>\n<p>https:\/\/twitter.com\/PaolaEspinosaOf\/status\/805429277663653889<\/p>\n<p><span style=\"color: #3366ff;\"><a style=\"color: #3366ff;\" href=\"https:\/\/twitter.com\/MXFutbolTotal\">S\u00edguenos en Twitter: @MXFutbolTotal<\/a><\/span><\/p>\n","protected":false},"excerpt":{"rendered":"<p>La clavadista caus\u00f3 controversia en su visita a Espa\u00f1a. <\/p>\n","protected":false},"author":20,"featured_media":447736,"comment_status":"closed","ping_status":"closed","sticky":false,"template":"","format":"standard","meta":[],"categories":[5419],"tags":[5984,248,6001,6813],"_links":{"self":[{"href":"http:\/\/desarrollo.grupomedios.com\/futbol\/wp-json\/wp\/v2\/posts\/447735"}],"collection":[{"href":"http:\/\/desarrollo.grupomedios.com\/futbol\/wp-json\/wp\/v2\/posts"}],"about":[{"href":"http:\/\/desarrollo.grupomedios.com\/futbol\/wp-json\/wp\/v2\/types\/post"}],"author":[{"embeddable":true,"href":"http:\/\/desarrollo.grupomedios.com\/futbol\/wp-json\/wp\/v2\/users\/20"}],"replies":[{"embeddable":true,"href":"http:\/\/desarrollo.grupomedios.com\/futbol\/wp-json\/wp\/v2\/comments?post=447735"}],"version-history":[{"count":0,"href":"http:\/\/desarrollo.grupomedios.com\/futbol\/wp-json\/wp\/v2\/posts\/447735\/revisions"}],"wp:featuredmedia":[{"embeddable":true,"href":"http:\/\/desarrollo.grupomedios.com\/futbol\/wp-json\/wp\/v2\/media\/447736"}],"wp:attachment":[{"href":"http:\/\/desarrollo.grupomedios.com\/futbol\/wp-json\/wp\/v2\/media?parent=447735"}],"wp:term":[{"taxonomy":"category","embeddable":true,"href":"http:\/\/desarrollo.grupomedios.com\/futbol\/wp-json\/wp\/v2\/categories?post=447735"},{"taxonomy":"post_tag","embeddable":true,"href":"http:\/\/desarrollo.grupomedios.com\/futbol\/wp-json\/wp\/v2\/tags?post=447735"}],"curies":[{"name":"wp","href":"https:\/\/api.w.org\/{rel}","templated":true}]}}