{"id":447780,"date":"2016-12-08T10:30:44","date_gmt":"2016-12-08T16:30:44","guid":{"rendered":"https:\/\/www.futboltotal.com.mx\/?p=447780"},"modified":"2016-12-08T10:30:44","modified_gmt":"2016-12-08T16:30:44","slug":"rogerio-ceni-espera-hacer-un-sao-paulo-mas-fuerte","status":"publish","type":"post","link":"http:\/\/desarrollo.grupomedios.com\/futbol\/futbol-internacional\/rogerio-ceni-espera-hacer-un-sao-paulo-mas-fuerte\/2016\/12","title":{"rendered":"Rogerio Ceni espera hacer un Sao Paulo m\u00e1s fuerte"},"content":{"rendered":"<p>El exportero <strong>Rogerio Ceni<\/strong>, nuevo t\u00e9cnico del Sao Paulo, espera crear un &#8220;equipo m\u00e1s fuerte&#8221; para 2017, despu\u00e9s de una floja temporada este a\u00f1o, en la que el equipo qued\u00f3 sin opciones para conseguir un billete para la Copa Libertadores.<\/p>\n<p>El \u00eddolo y emblem\u00e1tico excapit\u00e1n fue hoy presentado en Sao Paulo, donde expres\u00f3 su deseo de permanecer &#8220;mucho tiempo&#8221; en el club, equipo en el comenz\u00f3 y finaliz\u00f3 su carrera como jugador.<\/p>\n<p>&#8220;En el Sao Paulo pas\u00e9 por todo tipo de situaciones, de glorias y fracasos. No espero ahora ser juzgado como atleta, sino como entrenador&#8221;, asegur\u00f3 <strong>Ceni<\/strong>, de 43 a\u00f1os, en una rueda de prensa.<\/p>\n<p>Tras pasar varios meses en Europa form\u00e1ndose como entrenador, el exportero del <em>tricolor paulista<\/em> comenzar\u00e1 a comandar el primer equipo a partir del inicio de la pr\u00f3xima temporada.<\/p>\n<p>&#8220;Mi intenci\u00f3n es jugar de manera ofensiva, presionando, buscando el gol. Est\u00e1 claro que en algunos partidos podemos realizar ajustes diferentes, pero voy a adaptarme a lo que tenga a disposici\u00f3n&#8221;, agreg\u00f3.<\/p>\n<p>El portero con m\u00e1s goles anotados en la historia del balompi\u00e9 mundial se\u00f1al\u00f3 que su formaci\u00f3n como t\u00e9cnico en el exterior ha sido &#8220;muy importante&#8221; y recalc\u00f3 que su objetivo &#8220;no es cambiar&#8221; el futbol brasile\u00f1o.<\/p>\n<p>&#8220;Ser\u00eda muy pretencioso por mi parte decir eso. No traigo nuevos conceptos. Traigo mis conceptos&#8221;, destac\u00f3 <strong>Rogerio Ceni<\/strong>.<\/p>\n<p>Titular indiscutible del Sao Paulo, el \u00fanico club al que defendi\u00f3 durante 23 a\u00f1os, Ceni colg\u00f3 las botas como portero en diciembre de 2015, despu\u00e9s de 1.237 partidos disputados en sus 25 a\u00f1os de carrera, en los que conquist\u00f3 18 t\u00edtulos y marc\u00f3 131 goles.<\/p>\n<p><b>S\u00edguenos en <span id=\"m_-4045981298432347750goog_2054972132\"><\/span>Twitter <a href=\"https:\/\/twitter.com\/MXFutbolTotal\" target=\"_blank\" data-saferedirecturl=\"https:\/\/www.google.com\/url?hl=es&amp;q=https:\/\/twitter.com\/MXFutbolTotal&amp;source=gmail&amp;ust=1481293548789000&amp;usg=AFQjCNGy8nQEFqEZpcXOFE38hA5Lbc5obQ\">@MXFutbolTotal<\/a><\/b><\/p>\n<p>&nbsp;<\/p>\n","protected":false},"excerpt":{"rendered":"<p>Pas\u00f3 algunos meses en Europa para depurarse como t\u00e9cnico.<\/p>\n","protected":false},"author":144,"featured_media":447784,"comment_status":"closed","ping_status":"closed","sticky":false,"template":"","format":"standard","meta":[],"categories":[3859,3839],"tags":[1396,7770,2093],"_links":{"self":[{"href":"http:\/\/desarrollo.grupomedios.com\/futbol\/wp-json\/wp\/v2\/posts\/447780"}],"collection":[{"href":"http:\/\/desarrollo.grupomedios.com\/futbol\/wp-json\/wp\/v2\/posts"}],"about":[{"href":"http:\/\/desarrollo.grupomedios.com\/futbol\/wp-json\/wp\/v2\/types\/post"}],"author":[{"embeddable":true,"href":"http:\/\/desarrollo.grupomedios.com\/futbol\/wp-json\/wp\/v2\/users\/144"}],"replies":[{"embeddable":true,"href":"http:\/\/desarrollo.grupomedios.com\/futbol\/wp-json\/wp\/v2\/comments?post=447780"}],"version-history":[{"count":0,"href":"http:\/\/desarrollo.grupomedios.com\/futbol\/wp-json\/wp\/v2\/posts\/447780\/revisions"}],"wp:featuredmedia":[{"embeddable":true,"href":"http:\/\/desarrollo.grupomedios.com\/futbol\/wp-json\/wp\/v2\/media\/447784"}],"wp:attachment":[{"href":"http:\/\/desarrollo.grupomedios.com\/futbol\/wp-json\/wp\/v2\/media?parent=447780"}],"wp:term":[{"taxonomy":"category","embeddable":true,"href":"http:\/\/desarrollo.grupomedios.com\/futbol\/wp-json\/wp\/v2\/categories?post=447780"},{"taxonomy":"post_tag","embeddable":true,"href":"http:\/\/desarrollo.grupomedios.com\/futbol\/wp-json\/wp\/v2\/tags?post=447780"}],"curies":[{"name":"wp","href":"https:\/\/api.w.org\/{rel}","templated":true}]}}