{"id":447789,"date":"2016-12-08T11:02:28","date_gmt":"2016-12-08T17:02:28","guid":{"rendered":"https:\/\/www.futboltotal.com.mx\/?p=447789"},"modified":"2016-12-08T11:02:57","modified_gmt":"2016-12-08T17:02:57","slug":"jorge-vergara-intenta-ser-parte-xv-anos-rubi","status":"publish","type":"post","link":"http:\/\/desarrollo.grupomedios.com\/futbol\/futbol-mexicano\/jorge-vergara-intenta-ser-parte-xv-anos-rubi\/2016\/12","title":{"rendered":"Jorge Vergara intenta ser parte de los XV a\u00f1os de Rub\u00ed"},"content":{"rendered":"<p>Los personajes que hoy en d\u00eda reciben sus 15 minutos de fama gracias a la viralizaci\u00f3n de sus contenidos por medio de redes sociales son tantos como nos podamos imaginar, incluso todo mundo intenta &#8216;subirse al tren&#8217; de distintas formas.<\/p>\n<p>Uno de los \u00faltimos fen\u00f3menos virales en M\u00e9xico fue la fiesta de XV a\u00f1os de Rub\u00ed, en el que el pasado 3 de diciembre los padres de la chica, intentando invitar por medio de un video a todos los habitantes de la poblaci\u00f3n La Joya, en San Luis Potos\u00ed, accidentalmente\u00a0aludieron a toda persona que viera esa grabaci\u00f3n.<\/p>\n<p>&nbsp;<\/p>\n<blockquote class=\"twitter-tweet\" data-lang=\"es\">\n<p dir=\"ltr\" lang=\"es\">Se hace <a href=\"https:\/\/twitter.com\/hashtag\/viral?src=hash\">#viral<\/a> invitaci\u00f3n a los XV a\u00f1os de su hija <a href=\"https:\/\/twitter.com\/hashtag\/Rubi?src=hash\">#Rubi<\/a> <a href=\"https:\/\/twitter.com\/hashtag\/XvdeRubi?src=hash\">#XvdeRubi<\/a> <a href=\"https:\/\/twitter.com\/hashtag\/SLP?src=hash\">#SLP<\/a> <a href=\"https:\/\/twitter.com\/hashtag\/SanLuisPotosi?src=hash\">#SanLuisPotosi<\/a> <a href=\"https:\/\/twitter.com\/hashtag\/CDMX?src=hash\">#CDMX<\/a> <a href=\"https:\/\/t.co\/jeHOqytLzy\">pic.twitter.com\/jeHOqytLzy<\/a><\/p>\n<p>\u2014 El Monitor SLP (@ElMonitorSLP) <a href=\"https:\/\/twitter.com\/ElMonitorSLP\/status\/804814059480694784\">2 de diciembre de 2016<\/a><\/p><\/blockquote>\n<p><script async src=\"\/\/platform.twitter.com\/widgets.js\" charset=\"utf-8\"><\/script><\/p>\n<p>La respuesta en redes sociales fue inmediata y masiva, con reacciones por parte de todos lados. Desde desconocidos hasta personajes de la far\u00e1ndula,\u00a0todo mundo quiso ser parte de este fen\u00f3meno&#8230; incluso el due\u00f1o de las <a href=\"https:\/\/www.futboltotal.com.mx\/equipos\/guadalajara\">Chivas<\/a>, <strong>Jorge Vergara<\/strong>.<\/p>\n<p>El empresario y directivo de la Liga MX, por medio de su cuenta en Twitter, se sum\u00f3 a la serie de comentarios en torno al\u00a0tan mencionado festejo con este tweet:<\/p>\n<p>&nbsp;<\/p>\n<blockquote class=\"twitter-tweet\" data-lang=\"es\">\n<p dir=\"ltr\" lang=\"es\">T\u00fa dices <a href=\"https:\/\/twitter.com\/hashtag\/Rubi?src=hash\">#Rubi<\/a>&#8230; <a href=\"https:\/\/twitter.com\/hashtag\/LosXVDeRubi?src=hash\">#LosXVDeRubi<\/a> <a href=\"https:\/\/t.co\/OsOlWfq9QI\">pic.twitter.com\/OsOlWfq9QI<\/a><\/p>\n<p>\u2014 Jorge Vergara M. (@jorgevergara) <a href=\"https:\/\/twitter.com\/jorgevergara\/status\/806624320508350476\">7 de diciembre de 2016<\/a><\/p><\/blockquote>\n<p><script async src=\"\/\/platform.twitter.com\/widgets.js\" charset=\"utf-8\"><\/script><\/p>\n<p>De acuerdo a informaci\u00f3n del sitio web de Omnilife (empresa de suplementos alimenticios propiedad de Vergara), este producto &#8220;se trata de una preparaci\u00f3n (viene en polvo, en sobres o botella) que debe diluirse 1 o dos sobres en un vaso con agua o jugo de naranja y tomarla de preferencia por la ma\u00f1ana o tarde. Este producto est\u00e1 recomendado para personas con fatiga constante o desgano, y quienes necesitan estar alertas todo el tiempo&#8221;.<\/p>\n<p><a href=\"https:\/\/www.futboltotal.com.mx\/2016\/12\/leon-oficial-regreso-gullit-pena\/\">LEER M\u00c1S: \u00a1EL <em>GULLIT<\/em> PE\u00d1A DEJA A CHIVAS PARA VOLVER AL LE\u00d3N!<\/a><\/p>\n","protected":false},"excerpt":{"rendered":"<p>El propietario de las Chivas nunca pierde una oportunidad en busca de negocios.<\/p>\n","protected":false},"author":20,"featured_media":412296,"comment_status":"closed","ping_status":"closed","sticky":false,"template":"","format":"standard","meta":[],"categories":[5419,2198],"tags":[70,5963,243,64,387,7773,1953,7774],"_links":{"self":[{"href":"http:\/\/desarrollo.grupomedios.com\/futbol\/wp-json\/wp\/v2\/posts\/447789"}],"collection":[{"href":"http:\/\/desarrollo.grupomedios.com\/futbol\/wp-json\/wp\/v2\/posts"}],"about":[{"href":"http:\/\/desarrollo.grupomedios.com\/futbol\/wp-json\/wp\/v2\/types\/post"}],"author":[{"embeddable":true,"href":"http:\/\/desarrollo.grupomedios.com\/futbol\/wp-json\/wp\/v2\/users\/20"}],"replies":[{"embeddable":true,"href":"http:\/\/desarrollo.grupomedios.com\/futbol\/wp-json\/wp\/v2\/comments?post=447789"}],"version-history":[{"count":0,"href":"http:\/\/desarrollo.grupomedios.com\/futbol\/wp-json\/wp\/v2\/posts\/447789\/revisions"}],"wp:featuredmedia":[{"embeddable":true,"href":"http:\/\/desarrollo.grupomedios.com\/futbol\/wp-json\/wp\/v2\/media\/412296"}],"wp:attachment":[{"href":"http:\/\/desarrollo.grupomedios.com\/futbol\/wp-json\/wp\/v2\/media?parent=447789"}],"wp:term":[{"taxonomy":"category","embeddable":true,"href":"http:\/\/desarrollo.grupomedios.com\/futbol\/wp-json\/wp\/v2\/categories?post=447789"},{"taxonomy":"post_tag","embeddable":true,"href":"http:\/\/desarrollo.grupomedios.com\/futbol\/wp-json\/wp\/v2\/tags?post=447789"}],"curies":[{"name":"wp","href":"https:\/\/api.w.org\/{rel}","templated":true}]}}