{"id":447817,"date":"2016-12-08T12:36:05","date_gmt":"2016-12-08T18:36:05","guid":{"rendered":"https:\/\/www.futboltotal.com.mx\/?p=447817"},"modified":"2016-12-08T12:36:44","modified_gmt":"2016-12-08T18:36:44","slug":"jona-y-villarreal-avanzan-en-europa-league","status":"publish","type":"post","link":"http:\/\/desarrollo.grupomedios.com\/futbol\/futbol-internacional\/jona-y-villarreal-avanzan-en-europa-league\/2016\/12","title":{"rendered":"Jona y Villarreal avanzan en Europa League"},"content":{"rendered":"<p>Con el mexicano <strong>Jonathan dos Santos<\/strong> como titular, el <strong>Villarreal<\/strong> se clasific\u00f3 como segundo de grupo en la Liga Europa tras ganar por 2-1 al Steaua de Bucarest tras un encuentro en el que sufri\u00f3 mucho para lograr su objetivo, aunque cumpli\u00f3 con la premisa de ganar su encuentro para estar en dieciseisavos de final del torneo.<\/p>\n<p>El equipo de Fran Escrib\u00e1 fue de m\u00e1s a menos, ya que tras una primera mitad en la que fue superior a su rival, estuvo a merced del conjunto rumano durante toda la segunda parte y solo logr\u00f3 la victoria gracias a una genialidad de Trigueros a tres minutos del final y cuando atravesaba por m\u00e1s dificultades.<\/p>\n<p style=\"text-align: center;\"><span style=\"color: #3366ff;\">LEER M\u00c1S: Todas las noticias de mexicanos en Europa<\/span><\/p>\n<p><a href=\"https:\/\/www.futboltotal.com.mx\/wp-content\/uploads\/2016\/12\/Villarreal.jpg\"><img decoding=\"async\" loading=\"lazy\" class=\"alignnone size-full wp-image-447819\" src=\"https:\/\/www.futboltotal.com.mx\/wp-content\/uploads\/2016\/12\/Villarreal.jpg\" alt=\"villarreal\" srcset=\"http:\/\/desarrollo.grupomedios.com\/futbol\/wp-content\/uploads\/2016\/12\/Villarreal.jpg 858w, http:\/\/desarrollo.grupomedios.com\/futbol\/wp-content\/uploads\/2016\/12\/Villarreal-300x151.jpg 300w, http:\/\/desarrollo.grupomedios.com\/futbol\/wp-content\/uploads\/2016\/12\/Villarreal-768x386.jpg 768w, http:\/\/desarrollo.grupomedios.com\/futbol\/wp-content\/uploads\/2016\/12\/Villarreal-340x171.jpg 340w\" sizes=\"(max-width: 858px) 100vw, 858px\" \/><\/a><\/p>\n<p>El <strong>Villarreal<\/strong> se fue al frente en el marcador despu\u00e9s de una buena jugada colectiva al minuto 15, en la cual particip\u00f3 el mexicano Jonathan dos Santos, quien desde la banda derecha sac\u00f3 un trazo diametral que Samu Castillejo convirti\u00f3 en asistencia para Sansone. El mexicano estuvo muy activo durante el partido y acab\u00f3 completando lo s 90 minutos.<\/p>\n<p>En el comienzo de la segunda parte, el Steaua, a pesar de que tuvo m\u00e1s posesi\u00f3n de bal\u00f3n, no daba la sensaci\u00f3n de poder crear problemas al Villarreal, pero Achim, en el primer bal\u00f3n que toc\u00f3 cabece\u00f3 libre de marca un centro por la derecha e hizo el 1-1.<\/p>\n<p><a href=\"https:\/\/www.futboltotal.com.mx\/wp-content\/uploads\/2016\/12\/Steaua.jpg\"><img decoding=\"async\" loading=\"lazy\" class=\"alignnone size-full wp-image-447820\" src=\"https:\/\/www.futboltotal.com.mx\/wp-content\/uploads\/2016\/12\/Steaua.jpg\" alt=\"steaua\" srcset=\"http:\/\/desarrollo.grupomedios.com\/futbol\/wp-content\/uploads\/2016\/12\/Steaua.jpg 858w, http:\/\/desarrollo.grupomedios.com\/futbol\/wp-content\/uploads\/2016\/12\/Steaua-300x151.jpg 300w, http:\/\/desarrollo.grupomedios.com\/futbol\/wp-content\/uploads\/2016\/12\/Steaua-768x386.jpg 768w, http:\/\/desarrollo.grupomedios.com\/futbol\/wp-content\/uploads\/2016\/12\/Steaua-340x171.jpg 340w\" sizes=\"(max-width: 858px) 100vw, 858px\" \/><\/a><\/p>\n<p>En ese momento se conoci\u00f3 en El Madrigal que el Osmalispor hab\u00eda marcado ante el Z\u00farich, lo que acercaba al Villarreal a la clasificaci\u00f3n como segundo, lo que unido a la expulsi\u00f3n de Tamas en el Steaua, parec\u00eda aliviar los problemas del equipo local.<\/p>\n<p>Pese a la superioridad num\u00e9rica, el Villarreal no se hizo con el control del juego y vivi\u00f3 unos minutos finales muy complicados, lo que no impidi\u00f3 que en un contragolpe, un gol magistral de Trigueros pusiera el 2-1 definitivo en el tanteador.<\/p>\n<p>&nbsp;<\/p>\n","protected":false},"excerpt":{"rendered":"<p>El mexicano fue titular y particip\u00f3 en la jugada que abri\u00f3 el marcador ante el Steaua.<\/p>\n","protected":false},"author":20,"featured_media":447827,"comment_status":"closed","ping_status":"closed","sticky":false,"template":"","format":"standard","meta":[],"categories":[3839,6718],"tags":[516,48,2607],"_links":{"self":[{"href":"http:\/\/desarrollo.grupomedios.com\/futbol\/wp-json\/wp\/v2\/posts\/447817"}],"collection":[{"href":"http:\/\/desarrollo.grupomedios.com\/futbol\/wp-json\/wp\/v2\/posts"}],"about":[{"href":"http:\/\/desarrollo.grupomedios.com\/futbol\/wp-json\/wp\/v2\/types\/post"}],"author":[{"embeddable":true,"href":"http:\/\/desarrollo.grupomedios.com\/futbol\/wp-json\/wp\/v2\/users\/20"}],"replies":[{"embeddable":true,"href":"http:\/\/desarrollo.grupomedios.com\/futbol\/wp-json\/wp\/v2\/comments?post=447817"}],"version-history":[{"count":0,"href":"http:\/\/desarrollo.grupomedios.com\/futbol\/wp-json\/wp\/v2\/posts\/447817\/revisions"}],"wp:featuredmedia":[{"embeddable":true,"href":"http:\/\/desarrollo.grupomedios.com\/futbol\/wp-json\/wp\/v2\/media\/447827"}],"wp:attachment":[{"href":"http:\/\/desarrollo.grupomedios.com\/futbol\/wp-json\/wp\/v2\/media?parent=447817"}],"wp:term":[{"taxonomy":"category","embeddable":true,"href":"http:\/\/desarrollo.grupomedios.com\/futbol\/wp-json\/wp\/v2\/categories?post=447817"},{"taxonomy":"post_tag","embeddable":true,"href":"http:\/\/desarrollo.grupomedios.com\/futbol\/wp-json\/wp\/v2\/tags?post=447817"}],"curies":[{"name":"wp","href":"https:\/\/api.w.org\/{rel}","templated":true}]}}