{"id":447818,"date":"2016-12-08T13:02:30","date_gmt":"2016-12-08T19:02:30","guid":{"rendered":"https:\/\/www.futboltotal.com.mx\/?p=447818"},"modified":"2016-12-08T13:02:30","modified_gmt":"2016-12-08T19:02:30","slug":"chivas-mas-grande-america","status":"publish","type":"post","link":"http:\/\/desarrollo.grupomedios.com\/futbol\/uncategorized\/chivas-mas-grande-america\/2016\/12","title":{"rendered":"En Chivas aseguran ser m\u00e1s grande que Am\u00e9rica"},"content":{"rendered":"<p><strong>Jos\u00e9 Luis Higuera<\/strong>, ha vuelto a encender la mecha que parec\u00eda se hab\u00eda apagado entre <strong><span style=\"color: #000000;\"><a style=\"color: #000000;\" href=\"https:\/\/www.futboltotal.com.mx\/equipos\/guadalajara\/\" target=\"_blank\">Chivas<\/a><\/span> y <span style=\"color: #000000;\"><a style=\"color: #000000;\" href=\"https:\/\/www.futboltotal.com.mx\/equipos\/america\/\" target=\"_blank\">Am\u00e9rica<\/a><\/span><\/strong>, pues el directivo del Reba\u00f1o asegura que <b>Guadalajara<\/b>\u00a0es mucho m\u00e1s grande que los<em> Azulcremas.\u00a0<\/em><\/p>\n<p>En una entrevista para la cadena <em>Fox Sports<\/em>, el CEO de Grupo Omnilife, declar\u00f3 que el conjunto rojiblanco tiene m\u00e1s relevancia que las<em> \u00c1guilas<\/em>, es por eso que se le exige que traigan refuerzos de renombre y que sean mexicanos.<\/p>\n<blockquote><p>&#8220;Nos deben de exigir (la afici\u00f3n de <strong>Chivas<\/strong>), somos un equipo mucho m\u00e1s grande e importante que el<strong> Am\u00e9rica<\/strong>, nuestro compromiso con la afici\u00f3n y con el pa\u00eds por jugar con puros mexicanos, es mayor que en Am\u00e9rica&#8221;, declar\u00f3 para <em>Fox Sports.<\/em><\/p><\/blockquote>\n<p style=\"text-align: center;\"><span style=\"color: #3366ff;\"><a style=\"color: #3366ff;\" href=\"https:\/\/www.futboltotal.com.mx\/2016\/12\/las-bombas-vergara-fracasaron-en-chivas\/\" target=\"_blank\">LEER M\u00c1S: Las \u2018Bombas\u2019 de Vergara que fracasaron en Chivas<\/a><\/span><\/p>\n<p>Higuera tambi\u00e9n habl\u00f3 de la importancia que tienen los seguidores para el equipo de Verde Valle y destacan las emociones que les hacen sentir a esos millones que los siguen.<\/p>\n<blockquote><p>&#8220;Un club como \u00e9ste toca much\u00edsimas emociones de much\u00edsima gente, eres el equipo o el segundo equipo de la mayor\u00eda de la gente, no eres el\u00a0odiado&#8221; concluy\u00f3 el directivo.<\/p><\/blockquote>\n<p>https:\/\/twitter.com\/Chivas\/status\/806657486010859521<\/p>\n<p><span style=\"color: #3366ff;\"><a style=\"color: #3366ff;\" href=\"https:\/\/twitter.com\/MXFutbolTotal\" target=\"_blank\">S\u00edguenos en Twitter: @MXFutbolTotal<\/a><\/span><\/p>\n","protected":false},"excerpt":{"rendered":"<p>Jos\u00e9 Luis Higuera destaca la importancia de los refuerzos. <\/p>\n","protected":false},"author":20,"featured_media":447838,"comment_status":"closed","ping_status":"closed","sticky":false,"template":"","format":"standard","meta":[],"categories":[5,2198,3845,1],"tags":[5959,70,5963,7368],"_links":{"self":[{"href":"http:\/\/desarrollo.grupomedios.com\/futbol\/wp-json\/wp\/v2\/posts\/447818"}],"collection":[{"href":"http:\/\/desarrollo.grupomedios.com\/futbol\/wp-json\/wp\/v2\/posts"}],"about":[{"href":"http:\/\/desarrollo.grupomedios.com\/futbol\/wp-json\/wp\/v2\/types\/post"}],"author":[{"embeddable":true,"href":"http:\/\/desarrollo.grupomedios.com\/futbol\/wp-json\/wp\/v2\/users\/20"}],"replies":[{"embeddable":true,"href":"http:\/\/desarrollo.grupomedios.com\/futbol\/wp-json\/wp\/v2\/comments?post=447818"}],"version-history":[{"count":0,"href":"http:\/\/desarrollo.grupomedios.com\/futbol\/wp-json\/wp\/v2\/posts\/447818\/revisions"}],"wp:featuredmedia":[{"embeddable":true,"href":"http:\/\/desarrollo.grupomedios.com\/futbol\/wp-json\/wp\/v2\/media\/447838"}],"wp:attachment":[{"href":"http:\/\/desarrollo.grupomedios.com\/futbol\/wp-json\/wp\/v2\/media?parent=447818"}],"wp:term":[{"taxonomy":"category","embeddable":true,"href":"http:\/\/desarrollo.grupomedios.com\/futbol\/wp-json\/wp\/v2\/categories?post=447818"},{"taxonomy":"post_tag","embeddable":true,"href":"http:\/\/desarrollo.grupomedios.com\/futbol\/wp-json\/wp\/v2\/tags?post=447818"}],"curies":[{"name":"wp","href":"https:\/\/api.w.org\/{rel}","templated":true}]}}