{"id":447837,"date":"2016-12-08T13:31:30","date_gmt":"2016-12-08T19:31:30","guid":{"rendered":"https:\/\/www.futboltotal.com.mx\/?p=447837"},"modified":"2016-12-08T13:34:58","modified_gmt":"2016-12-08T19:34:58","slug":"niko-kovac-rato-en-eintracht-frankfurt","status":"publish","type":"post","link":"http:\/\/desarrollo.grupomedios.com\/futbol\/futbol-internacional\/niko-kovac-rato-en-eintracht-frankfurt\/2016\/12","title":{"rendered":"Hay Niko Kovac para rato en el Eintracht Frankfurt"},"content":{"rendered":"<p><strong>Eintracht Frankfurt<\/strong> y su actual director t\u00e9cnico, el croata <strong>Niko Kovac<\/strong>, acordaron una extensi\u00f3n de contrato luego de una temporada al mando del equipo, el cual los mantendr\u00e1 vinculados hasta 2019.<\/p>\n<p>La renovaci\u00f3n fue dada a conocer a trav\u00e9s de un comunicado oficial del equipo alem\u00e1n en el que sobresale la foto de Kovac sosteniendo la playera de Eintracht Frankfurt con la leyenda \u201c2019\u201d en los dorsales.<\/p>\n<p style=\"text-align: center;\"><a href=\"https:\/\/www.futboltotal.com.mx\/futbol-internacional\/\"><span style=\"color: #3366ff;\">LEER M\u00c1S: Todas las noticias de futbol internacional<\/span><\/a><\/p>\n<blockquote class=\"twitter-tweet\" data-lang=\"es\">\n<p dir=\"ltr\" lang=\"es\"><a href=\"https:\/\/twitter.com\/hashtag\/Kovac2019?src=hash\">#Kovac2019<\/a> \u2705<a href=\"https:\/\/twitter.com\/hashtag\/Eintracht?src=hash\">#Eintracht<\/a> y Niko continuar\u00e1n juntos hasta el 30 de junio del 2019 <a href=\"https:\/\/t.co\/xYPyHZgC15\">https:\/\/t.co\/xYPyHZgC15<\/a> <a href=\"https:\/\/t.co\/AJYRfLVOfz\">pic.twitter.com\/AJYRfLVOfz<\/a><\/p>\n<p>\u2014 eintracht_esp (@eintracht_esp) <a href=\"https:\/\/twitter.com\/eintracht_esp\/status\/806872778821537792\">8 de diciembre de 2016<\/a><\/p><\/blockquote>\n<p><script async src=\"\/\/platform.twitter.com\/widgets.js\" charset=\"utf-8\"><\/script><br \/>\nEl estratega croata asegur\u00f3 que siempre se ha sentido muy c\u00f3modo en el club, por lo que buscar\u00e1 conseguir a\u00fan m\u00e1s cosas. Su hermano Robert Kovac, quien funge como asistente t\u00e9cnico del equipo, tambi\u00e9n renov\u00f3 contrato con el club hasta 2019.<\/p>\n<p><strong>Kovac<\/strong> tom\u00f3 las riendas del<strong> Eintracht Frankfurt<\/strong> en marzo pasado, en sustituci\u00f3n del alem\u00e1n Armin Veh, y en la pasada temporada de Bundesliga logr\u00f3 salvar al equipo de la quema del descenso.<\/p>\n<p>Durante la presente temporada, las <em>\u00c1guilas<\/em>\u00a0no s\u00f3lo se han alejado de las \u00faltimas posiciones de la liga alemana, sino que tambi\u00e9n han logrado meterse en la pelea por los puestos europeos, al ubicarse en la quinta plaza de la competici\u00f3n con 25 unidades, tras 13 fechas disputadas.<\/p>\n<p>Uno de los principales beneficiados de la renovaci\u00f3n de Kovac es el mediocampista mexicano Marco Fabi\u00e1n, quien ha tenido la oportunidad de tener m\u00e1s minutos en el once inicial de Eintracht, lo cual no ocurr\u00eda frecuentemente bajo el mando de Armin Veh.<\/p>\n","protected":false},"excerpt":{"rendered":"<p>El club alem\u00e1n anunci\u00f3 que el entrenador croata firm\u00f3 renovaci\u00f3n de contrato. <\/p>\n","protected":false},"author":20,"featured_media":447843,"comment_status":"closed","ping_status":"closed","sticky":false,"template":"","format":"standard","meta":[],"categories":[3839],"tags":[119,3588,131],"_links":{"self":[{"href":"http:\/\/desarrollo.grupomedios.com\/futbol\/wp-json\/wp\/v2\/posts\/447837"}],"collection":[{"href":"http:\/\/desarrollo.grupomedios.com\/futbol\/wp-json\/wp\/v2\/posts"}],"about":[{"href":"http:\/\/desarrollo.grupomedios.com\/futbol\/wp-json\/wp\/v2\/types\/post"}],"author":[{"embeddable":true,"href":"http:\/\/desarrollo.grupomedios.com\/futbol\/wp-json\/wp\/v2\/users\/20"}],"replies":[{"embeddable":true,"href":"http:\/\/desarrollo.grupomedios.com\/futbol\/wp-json\/wp\/v2\/comments?post=447837"}],"version-history":[{"count":0,"href":"http:\/\/desarrollo.grupomedios.com\/futbol\/wp-json\/wp\/v2\/posts\/447837\/revisions"}],"wp:featuredmedia":[{"embeddable":true,"href":"http:\/\/desarrollo.grupomedios.com\/futbol\/wp-json\/wp\/v2\/media\/447843"}],"wp:attachment":[{"href":"http:\/\/desarrollo.grupomedios.com\/futbol\/wp-json\/wp\/v2\/media?parent=447837"}],"wp:term":[{"taxonomy":"category","embeddable":true,"href":"http:\/\/desarrollo.grupomedios.com\/futbol\/wp-json\/wp\/v2\/categories?post=447837"},{"taxonomy":"post_tag","embeddable":true,"href":"http:\/\/desarrollo.grupomedios.com\/futbol\/wp-json\/wp\/v2\/tags?post=447837"}],"curies":[{"name":"wp","href":"https:\/\/api.w.org\/{rel}","templated":true}]}}