{"id":447846,"date":"2016-12-08T13:57:58","date_gmt":"2016-12-08T19:57:58","guid":{"rendered":"https:\/\/www.futboltotal.com.mx\/?p=447846"},"modified":"2016-12-08T13:57:58","modified_gmt":"2016-12-08T19:57:58","slug":"zinedine-zidane-descarta-madrid-tenga-ventaja-en-la-liga","status":"publish","type":"post","link":"http:\/\/desarrollo.grupomedios.com\/futbol\/futbol-internacional\/zinedine-zidane-descarta-madrid-tenga-ventaja-en-la-liga\/2016\/12","title":{"rendered":"Zidane descarta que el Madrid haya sentenciado la Liga"},"content":{"rendered":"<p>Zinedine Zidane, t\u00e9cnico franc\u00e9s del <strong>Real Madrid<\/strong>, consider\u00f3 que la <span style=\"color: #ff0000;\"><a style=\"color: #ff0000;\" href=\"https:\/\/www.futboltotal.com.mx\/resultados\/resultados-liga-de-espana\/\">Liga Santander<\/a><\/span> no est\u00e1 sentenciada pese a los seis puntos de ventaja que les separan del Barcelona tras el duelo que midi\u00f3 a ambos conjuntos en la \u00faltima jornada.<\/p>\n<blockquote><p>&#8220;Estamos primeros, contentos con los resultados que estamos haciendo. Pero todav\u00eda sabemos que queda mucho, que queda mucha liga, muchas cosas por hacer para conseguir lo que nosotros queremos. Por el momento estamos l\u00edderes pero los seis puntos no significan nada, no significan que vayamos a ganar&#8221;, indic\u00f3.<\/p><\/blockquote>\n<p>Zidane, que particip\u00f3 en <strong>Madrid<\/strong> en un acto de la firma deportiva Adidas, se refiri\u00f3 adem\u00e1s a la posibilidad de que el equipo se convierta en el primero que conquista dos veces consecutivas la Champions League\u00a0tras acceder a la siguiente ronda de la competici\u00f3n.<\/p>\n<p>&#8220;Vamos a intentarlo de todas formas. Este es nuestro trabajo, lo que todos los d\u00edas queremos hacer es jugar al f\u00fatbol. Lo que est\u00e1n haciendo los jugadores lo est\u00e1n haciendo fenomenal y la Champions es un objetivo importante para nosotros&#8221;, coment\u00f3.<\/p>\n<p style=\"text-align: center;\"><span style=\"color: #3366ff;\"><a style=\"color: #3366ff;\" href=\"https:\/\/www.futboltotal.com.mx\/2016\/12\/10-datos-que-debes-saber-sobre-el-mundial-de-clubes\/\">LEER M\u00c1S: 10 datos que debes saber sobre el Mundial de Clubes<\/a><\/span><\/p>\n<p>&#8220;El lunes veremos el equipo que nos va a tocar pero hay mucho camino para llegar a la final. Vamos a a ver el lunes lo que va a pasar&#8221;, dijo tambi\u00e9n refiri\u00e9ndose al sorteo de octavos de final que se celebrar\u00e1 la pr\u00f3xima semana.<\/p>\n<p>Asimismo habl\u00f3 acerca de la participaci\u00f3n en el <strong>Mundial de Clubes<\/strong> que se disputa en Jap\u00f3n: &#8220;Los japoneses con los madridistas son muy aficionados. Es un pa\u00eds donde nosotros queremos otra vez escribir la historia de ganar algo importante&#8221;.<\/p>\n<p>&#8220;Este Mundialito es otra vez para nosotros una cosa que podemos conseguir. Tenemos un partido el s\u00e1bado primero. Vamos a pasar una semana all\u00ed y vamos a intentarlo como siempre para toda la gente, para todos los que est\u00e1n detr\u00e1s de este gran club&#8221;, complet\u00f3. EFE<\/p>\n","protected":false},"excerpt":{"rendered":"<p>Zidane descart\u00f3 que los seis puntos de ventaja sean suficientes<\/p>\n","protected":false},"author":144,"featured_media":411582,"comment_status":"closed","ping_status":"closed","sticky":false,"template":"","format":"standard","meta":[],"categories":[3839,5951],"tags":[5988,2215],"_links":{"self":[{"href":"http:\/\/desarrollo.grupomedios.com\/futbol\/wp-json\/wp\/v2\/posts\/447846"}],"collection":[{"href":"http:\/\/desarrollo.grupomedios.com\/futbol\/wp-json\/wp\/v2\/posts"}],"about":[{"href":"http:\/\/desarrollo.grupomedios.com\/futbol\/wp-json\/wp\/v2\/types\/post"}],"author":[{"embeddable":true,"href":"http:\/\/desarrollo.grupomedios.com\/futbol\/wp-json\/wp\/v2\/users\/144"}],"replies":[{"embeddable":true,"href":"http:\/\/desarrollo.grupomedios.com\/futbol\/wp-json\/wp\/v2\/comments?post=447846"}],"version-history":[{"count":0,"href":"http:\/\/desarrollo.grupomedios.com\/futbol\/wp-json\/wp\/v2\/posts\/447846\/revisions"}],"wp:featuredmedia":[{"embeddable":true,"href":"http:\/\/desarrollo.grupomedios.com\/futbol\/wp-json\/wp\/v2\/media\/411582"}],"wp:attachment":[{"href":"http:\/\/desarrollo.grupomedios.com\/futbol\/wp-json\/wp\/v2\/media?parent=447846"}],"wp:term":[{"taxonomy":"category","embeddable":true,"href":"http:\/\/desarrollo.grupomedios.com\/futbol\/wp-json\/wp\/v2\/categories?post=447846"},{"taxonomy":"post_tag","embeddable":true,"href":"http:\/\/desarrollo.grupomedios.com\/futbol\/wp-json\/wp\/v2\/tags?post=447846"}],"curies":[{"name":"wp","href":"https:\/\/api.w.org\/{rel}","templated":true}]}}