{"id":447874,"date":"2016-12-08T15:10:44","date_gmt":"2016-12-08T21:10:44","guid":{"rendered":"https:\/\/www.futboltotal.com.mx\/?p=447874"},"modified":"2016-12-08T15:10:44","modified_gmt":"2016-12-08T21:10:44","slug":"memo-ochoa-envia-mensaje-cruz-azul","status":"publish","type":"post","link":"http:\/\/desarrollo.grupomedios.com\/futbol\/destacado-home\/memo-ochoa-envia-mensaje-cruz-azul\/2016\/12","title":{"rendered":"Memo Ochoa env\u00eda mensaje a&#8230; \u00bfCruz Azul?"},"content":{"rendered":"<p>A escasos d\u00edas de que comience una nueva aventura para <span style=\"color: #000000;\"><strong><a style=\"color: #000000;\" href=\"https:\/\/www.futboltotal.com.mx\/equipos\/cruzazul\/\" target=\"_blank\">Cruz Azul<\/a><\/strong><\/span>, el guardameta de la Selecci\u00f3n Mexicana ha decidido mandar un mensaje a la afici\u00f3n sobre <strong>Paco J\u00e9mez<\/strong>, estratega que lo dirigi\u00f3 al inicio de su llegada al <strong>Granada.\u00a0<\/strong><\/p>\n<p><strong>Memo Ochoa<\/strong>, augura un buen a\u00f1o para los <em>Cementeros<\/em> en manos del espa\u00f1ol y no perdi\u00f3 la oportunidad de elogiar la llegada del nuevo estratega de la <em>M\u00e1quina.\u00a0<\/em><\/p>\n<blockquote><p>&#8220;Tiene las ideas nuevas y frescas, es un entrenador que ha dirigido en Espa\u00f1a muchos a\u00f1os y cuenta con experiencia al m\u00e1ximo nivel&#8221;, declar\u00f3 el mexicano para el portal<em> Marca.\u00a0<\/em><\/p><\/blockquote>\n<p>Tambi\u00e9n destac\u00f3 que las intenciones del ex entrenador del <strong>Rayo Vallecano<\/strong> son buenas y el <strong>Cruz Azul<\/strong>, podr\u00eda tener un buen futuro si lo dejan trabajar.<\/p>\n<p style=\"text-align: center;\"><span style=\"color: #3366ff;\"><a style=\"color: #3366ff;\" href=\"https:\/\/www.futboltotal.com.mx\/2016\/12\/regresa-la-superliga-liga-mx-mls-planean-proyecto\/\" target=\"_blank\">LEER M\u00c1S: \u00bfRegresa la Superliga?<\/a><\/span><\/p>\n<blockquote><p>&#8220;Sus intenciones en el terreno de juego son muy claras, seguramente las har\u00e1 sentir a su equipo, se notar\u00e1 lo que busca el entrenador desde el primer d\u00eda, creo que es muy capaz\u201d concluy\u00f3 <strong>Ochoa.\u00a0<\/strong><\/p><\/blockquote>\n<p>Recordemos que J\u00e9mez tiene su primera experiencia en suelo mexicano y se espera que pueda dar ese t\u00edtulo que tanto han esperado los Cementeros.<\/p>\n<p><span style=\"color: #3366ff;\"><a style=\"color: #3366ff;\" href=\"https:\/\/twitter.com\/MXFutbolTotal\" target=\"_blank\">S\u00edguenos en Twitter: @MXFutbolTotal<\/a><\/span><\/p>\n","protected":false},"excerpt":{"rendered":"<p>El Seleccionado Nacional elogia a su ex entrenador. <\/p>\n","protected":false},"author":20,"featured_media":447880,"comment_status":"closed","ping_status":"closed","sticky":false,"template":"","format":"standard","meta":[],"categories":[5,2198,3845],"tags":[5962,5991,679,7053],"_links":{"self":[{"href":"http:\/\/desarrollo.grupomedios.com\/futbol\/wp-json\/wp\/v2\/posts\/447874"}],"collection":[{"href":"http:\/\/desarrollo.grupomedios.com\/futbol\/wp-json\/wp\/v2\/posts"}],"about":[{"href":"http:\/\/desarrollo.grupomedios.com\/futbol\/wp-json\/wp\/v2\/types\/post"}],"author":[{"embeddable":true,"href":"http:\/\/desarrollo.grupomedios.com\/futbol\/wp-json\/wp\/v2\/users\/20"}],"replies":[{"embeddable":true,"href":"http:\/\/desarrollo.grupomedios.com\/futbol\/wp-json\/wp\/v2\/comments?post=447874"}],"version-history":[{"count":0,"href":"http:\/\/desarrollo.grupomedios.com\/futbol\/wp-json\/wp\/v2\/posts\/447874\/revisions"}],"wp:featuredmedia":[{"embeddable":true,"href":"http:\/\/desarrollo.grupomedios.com\/futbol\/wp-json\/wp\/v2\/media\/447880"}],"wp:attachment":[{"href":"http:\/\/desarrollo.grupomedios.com\/futbol\/wp-json\/wp\/v2\/media?parent=447874"}],"wp:term":[{"taxonomy":"category","embeddable":true,"href":"http:\/\/desarrollo.grupomedios.com\/futbol\/wp-json\/wp\/v2\/categories?post=447874"},{"taxonomy":"post_tag","embeddable":true,"href":"http:\/\/desarrollo.grupomedios.com\/futbol\/wp-json\/wp\/v2\/tags?post=447874"}],"curies":[{"name":"wp","href":"https:\/\/api.w.org\/{rel}","templated":true}]}}