{"id":447896,"date":"2016-12-08T16:45:33","date_gmt":"2016-12-08T22:45:33","guid":{"rendered":"https:\/\/www.futboltotal.com.mx\/?p=447896"},"modified":"2016-12-08T16:45:33","modified_gmt":"2016-12-08T22:45:33","slug":"pagarian-60-millones-euros-euros-serie-a-fichar-james","status":"publish","type":"post","link":"http:\/\/desarrollo.grupomedios.com\/futbol\/futbol-internacional\/pagarian-60-millones-euros-euros-serie-a-fichar-james\/2016\/12","title":{"rendered":"Pagar\u00edan 60 millones de euros en Serie A para fichar a James"},"content":{"rendered":"<p>Nueva informaci\u00f3n en torno al futuro de <strong>James Rodr\u00edguez<\/strong> llega desde Italia, esto porque un club de la Serie A estar\u00eda dispuesto a desembolsar una alta cifra para firmar al futbolista colombiano del <strong>Real Madrid<\/strong>.<\/p>\n<p>Seg\u00fan el sitio Calciomercato, el cuadro del <strong>Inter de Mil\u00e1n<\/strong>, que vive una crisis de resultados en la actual temporada y ya tiene en el banquillo a otro entrenador, Stefano Pioli, luego de la salida del holand\u00e9s Frank de Boer, pagar\u00eda la cantidad de 60 millones de euros para contar con el cafetalero en su plantel.<\/p>\n<p>La falta de minutos y protagonismo del colombiano en el equipo dirigido por el franc\u00e9s Zinedine Zidane son la causa de los constantes rumores en torno a la salida de James del cuadro blanco, aunque el propio t\u00e9cnico de los Merengues mantiene la versi\u00f3n de que Rodr\u00edguez cuenta para \u00e9l y es un jugador importante en los planes del equipo.<\/p>\n<p>Sin embargo, esta no es la \u00fanica versi\u00f3n que acerca a James a la Serie A, ya que anteriormente se habl\u00f3 de que <a href=\"https:\/\/www.futboltotal.com.mx\/2016\/11\/juventus-se-interesa-en-james-rodriguez\/\">Juventus lo quer\u00eda fichar<\/a>.<\/p>\n<p><a href=\"https:\/\/www.futboltotal.com.mx\/2016\/12\/zidane-harto-cuestionamientos-james-rodriguez\/\">LEER M\u00c1S: ZIDANE, CANSADO DEL TEMA JAMES: &#8220;NO QUIERO DECIR TONTER\u00cdAS&#8221;<\/a><\/p>\n","protected":false},"excerpt":{"rendered":"<p>Medios italianos apuntan a que el Inter de Mil\u00e1n va por el creativo colombiano.<\/p>\n","protected":false},"author":20,"featured_media":424253,"comment_status":"closed","ping_status":"closed","sticky":false,"template":"","format":"standard","meta":[],"categories":[7740,3839,3844,3848,5951],"tags":[1073,227,6475,6082,5988],"_links":{"self":[{"href":"http:\/\/desarrollo.grupomedios.com\/futbol\/wp-json\/wp\/v2\/posts\/447896"}],"collection":[{"href":"http:\/\/desarrollo.grupomedios.com\/futbol\/wp-json\/wp\/v2\/posts"}],"about":[{"href":"http:\/\/desarrollo.grupomedios.com\/futbol\/wp-json\/wp\/v2\/types\/post"}],"author":[{"embeddable":true,"href":"http:\/\/desarrollo.grupomedios.com\/futbol\/wp-json\/wp\/v2\/users\/20"}],"replies":[{"embeddable":true,"href":"http:\/\/desarrollo.grupomedios.com\/futbol\/wp-json\/wp\/v2\/comments?post=447896"}],"version-history":[{"count":0,"href":"http:\/\/desarrollo.grupomedios.com\/futbol\/wp-json\/wp\/v2\/posts\/447896\/revisions"}],"wp:featuredmedia":[{"embeddable":true,"href":"http:\/\/desarrollo.grupomedios.com\/futbol\/wp-json\/wp\/v2\/media\/424253"}],"wp:attachment":[{"href":"http:\/\/desarrollo.grupomedios.com\/futbol\/wp-json\/wp\/v2\/media?parent=447896"}],"wp:term":[{"taxonomy":"category","embeddable":true,"href":"http:\/\/desarrollo.grupomedios.com\/futbol\/wp-json\/wp\/v2\/categories?post=447896"},{"taxonomy":"post_tag","embeddable":true,"href":"http:\/\/desarrollo.grupomedios.com\/futbol\/wp-json\/wp\/v2\/tags?post=447896"}],"curies":[{"name":"wp","href":"https:\/\/api.w.org\/{rel}","templated":true}]}}